{"id":6278,"date":"2026-08-27T09:26:31","date_gmt":"2026-08-27T07:26:31","guid":{"rendered":"https:\/\/www.habemusdesign.com\/?p=6278"},"modified":"2026-08-27T09:37:09","modified_gmt":"2026-08-27T07:37:09","slug":"the-lake-boy-jakub-laczny-porta-a-londra-una-riflessione-sul-corpo-acqua-e-identita","status":"publish","type":"post","link":"https:\/\/www.habemusdesign.com\/it\/the-lake-boy-jakub-laczny-porta-a-londra-una-riflessione-sul-corpo-acqua-e-identita\/","title":{"rendered":"The Lake Boy. Jakub \u0141\u0105czny porta a Londra una riflessione sul corpo, acqua e identit\u00e0"},"content":{"rendered":"\n<h3 class=\"wp-block-heading\">In occasione del London Design Festival 2026, l\u2019artista polacco Jakub \u0141\u0105czny presenta a Londra The Lake Boy, un progetto multidisciplinare in cui pittura, film, ceramica e luce costruiscono uno spazio di relazione tra corpo, natura e memoria. Habemus Design accompagna il progetto in qualit\u00e0 di media partner.<\/h3>\n\n\n\n<p class=\"wp-block-paragraph\">Dal 12 al 20 settembre Londra torna a essere uno dei principali punti d\u2019incontro internazionali per il mondo del design. Giunto alla sua 24\u00aa edizione, il London Design Festival riunisce progettisti, artisti, istituzioni e aziende attraverso un programma diffuso nella citt\u00e0, confermando la capitale britannica come uno dei luoghi privilegiati del confronto sulla cultura contemporanea del progetto.<\/p>\n\n\n\n<p class=\"wp-block-paragraph\">\u00c8 all\u2019interno di questo scenario che trova spazio <strong>The Lake Boy<\/strong>, progetto dell\u2019artista polacco Jakub \u0141\u0105czny, presente nel programma del London Design Festival 2026.<\/p>\n\n\n\n<p class=\"wp-block-paragraph\">La mostra sar\u00e0 visitabile dal 12 al 14 settembre 2026 a Southwark, presso TradeStars, Copperfield Street, e nasce come un progetto capace di attraversare i confini tra arte visiva e progetto dello spazio.<\/p>\n\n\n\n<div style=\"height:30px\" aria-hidden=\"true\" class=\"wp-block-spacer\"><\/div>\n\n\n\n<figure class=\"wp-block-image size-full\"><img alt=\"\" loading=\"lazy\" decoding=\"async\" width=\"1024\" height=\"681\" src=\"https:\/\/www.habemusdesign.com\/wp-content\/uploads\/2026\/08\/3.jpg\" alt=\"\" class=\"wp-image-6272\" srcset=\"https:\/\/www.habemusdesign.com\/wp-content\/uploads\/2026\/08\/3.jpg 1024w, https:\/\/www.habemusdesign.com\/wp-content\/uploads\/2026\/08\/3-150x100.jpg 150w, https:\/\/www.habemusdesign.com\/wp-content\/uploads\/2026\/08\/3-300x200.jpg 300w, https:\/\/www.habemusdesign.com\/wp-content\/uploads\/2026\/08\/3-767x510.jpg 767w, https:\/\/www.habemusdesign.com\/wp-content\/uploads\/2026\/08\/3-370x246.jpg 370w, https:\/\/www.habemusdesign.com\/wp-content\/uploads\/2026\/08\/3-20x12.jpg 20w, https:\/\/www.habemusdesign.com\/wp-content\/uploads\/2026\/08\/3-740x492.jpg 740w, https:\/\/www.habemusdesign.com\/wp-content\/uploads\/2026\/08\/3-72x48.jpg 72w, https:\/\/www.habemusdesign.com\/wp-content\/uploads\/2026\/08\/3-800x532.jpg 800w\" sizes=\"auto, (max-width: 1024px) 100vw, 1024px\" \/><figcaption class=\"wp-element-caption\"><em>Sheet Metal a film by Jakub \u0141\u0105czny (director, cinematographer, post-production, producer),2026, fot. Zbigniew&nbsp;Olszyna<\/em><\/figcaption><\/figure>\n\n\n\n<div style=\"height:30px\" aria-hidden=\"true\" class=\"wp-block-spacer\"><\/div>\n\n\n\n<h2 class=\"wp-block-heading\"><strong>L\u2019acqua come materia, memoria e identit\u00e0<\/strong><\/h2>\n\n\n\n<p class=\"wp-block-paragraph\">Al centro della ricerca di Jakub \u0141\u0105czny c\u2019\u00e8 l\u2019acqua. Non soltanto come elemento naturale, ma come materia capace di adattarsi, trasformarsi e assumere forme differenti.<\/p>\n\n\n\n<p class=\"wp-block-paragraph\">La sua pratica si muove tra postumanesimo, l\u2019eredit\u00e0 legata all\u2019acqua, e riflessione sul modo in cui l\u2019ambiente contribuisce a formare il corpo e l\u2019identit\u00e0 maschile. Le immagini create dall\u2019artista si collocano volutamente sul confine tra inquadratura cinematografica e pittura.<\/p>\n\n\n\n<p class=\"wp-block-paragraph\">La fluidit\u00e0 dell\u2019acqua diventa cos\u00ec una metafora della relazione tra individuo e mondo esterno: tra stabilit\u00e0 e trasformazione, controllo e capacit\u00e0 di adattamento.<\/p>\n\n\n\n<p class=\"wp-block-paragraph\">Ma <em>The Lake Boy<\/em> nasce anche da un luogo reale e profondamente personale: il Lago Dominickie, in Polonia, paesaggio che \u0141\u0105czny ha progressivamente fatto proprio e che nella mostra diventa spazio della memoria, della rigenerazione e del radicamento..<\/p>\n\n\n\n<div style=\"height:30px\" aria-hidden=\"true\" class=\"wp-block-spacer\"><\/div>\n\n\n\n<figure class=\"wp-block-image size-full\"><img alt=\"\" loading=\"lazy\" decoding=\"async\" width=\"1024\" height=\"683\" src=\"https:\/\/www.habemusdesign.com\/wp-content\/uploads\/2026\/08\/4.jpg\" alt=\"\" class=\"wp-image-6273\" srcset=\"https:\/\/www.habemusdesign.com\/wp-content\/uploads\/2026\/08\/4.jpg 1024w, https:\/\/www.habemusdesign.com\/wp-content\/uploads\/2026\/08\/4-300x200.jpg 300w, https:\/\/www.habemusdesign.com\/wp-content\/uploads\/2026\/08\/4-768x512.jpg 768w, https:\/\/www.habemusdesign.com\/wp-content\/uploads\/2026\/08\/4-370x247.jpg 370w, https:\/\/www.habemusdesign.com\/wp-content\/uploads\/2026\/08\/4-800x534.jpg 800w, https:\/\/www.habemusdesign.com\/wp-content\/uploads\/2026\/08\/4-150x100.jpg 150w, https:\/\/www.habemusdesign.com\/wp-content\/uploads\/2026\/08\/4-20x12.jpg 20w, https:\/\/www.habemusdesign.com\/wp-content\/uploads\/2026\/08\/4-740x494.jpg 740w, https:\/\/www.habemusdesign.com\/wp-content\/uploads\/2026\/08\/4-72x48.jpg 72w\" sizes=\"auto, (max-width: 1024px) 100vw, 1024px\" \/><figcaption class=\"wp-element-caption\"><em>Desire Black, Ceramic set by Ceramika Parady\u017c, fot. Zbigniew Olszyna<\/em><\/figcaption><\/figure>\n\n\n\n<div style=\"height:30px\" aria-hidden=\"true\" class=\"wp-block-spacer\"><\/div>\n\n\n\n<h2 class=\"wp-block-heading\"><strong>Dal paesaggio al corpo<\/strong><\/h2>\n\n\n\n<p class=\"wp-block-paragraph\">Se l\u2019acqua rappresenta fluidit\u00e0 e trasformazione, il corpo introduce nella mostra un\u2019altra dimensione: quella dello sforzo, del limite e della resistenza. Nel lavoro video di \u0141\u0105czny il corpo allenato di un atleta non \u00e8 semplicemente un soggetto da osservare. Diventa parte attiva della narrazione, un organismo che sperimenta tensione, controllo, fatica e rigenerazione.<\/p>\n\n\n\n<p class=\"wp-block-paragraph\">Una delle opere registra l\u2019esecuzione ripetuta di un deadlift con un bilanciere da 150 kg. Le immagini vengono proiettate su una lamiera d\u2019acciaio utilizzata come superficie cinematografica: peso, ripetizione e tensione muscolare diventano cos\u00ec il racconto visivo di un corpo portato verso il proprio limite. \u00c8 proprio nel contrasto che prende forma una parte importante del progetto: peso e fluidit\u00e0, costruzione e organicit\u00e0, sforzo e rigenerazione.<\/p>\n\n\n\n<div style=\"height:31px\" aria-hidden=\"true\" class=\"wp-block-spacer\"><\/div>\n\n\n\n<figure class=\"wp-block-image size-full\"><img alt=\"\" loading=\"lazy\" decoding=\"async\" width=\"1024\" height=\"632\" src=\"https:\/\/www.habemusdesign.com\/wp-content\/uploads\/2026\/08\/1.jpg\" alt=\"\" class=\"wp-image-6275\" srcset=\"https:\/\/www.habemusdesign.com\/wp-content\/uploads\/2026\/08\/1.jpg 1024w, https:\/\/www.habemusdesign.com\/wp-content\/uploads\/2026\/08\/1-768x474.jpg 768w, https:\/\/www.habemusdesign.com\/wp-content\/uploads\/2026\/08\/1-150x93.jpg 150w, https:\/\/www.habemusdesign.com\/wp-content\/uploads\/2026\/08\/1-300x185.jpg 300w, https:\/\/www.habemusdesign.com\/wp-content\/uploads\/2026\/08\/1-370x228.jpg 370w, https:\/\/www.habemusdesign.com\/wp-content\/uploads\/2026\/08\/1-800x494.jpg 800w, https:\/\/www.habemusdesign.com\/wp-content\/uploads\/2026\/08\/1-20x12.jpg 20w, https:\/\/www.habemusdesign.com\/wp-content\/uploads\/2026\/08\/1-740x457.jpg 740w, https:\/\/www.habemusdesign.com\/wp-content\/uploads\/2026\/08\/1-78x48.jpg 78w\" sizes=\"auto, (max-width: 1024px) 100vw, 1024px\" \/><figcaption class=\"wp-element-caption\"><em>Every 40 Seconds&#8230; Decision, gouache on canva, 160&#215;100, Jakub \u0141\u0105czny<\/em><\/figcaption><\/figure>\n\n\n\n<div style=\"height:31px\" aria-hidden=\"true\" class=\"wp-block-spacer\"><\/div>\n\n\n\n<h2 class=\"wp-block-heading\"><strong>Pittura, cinema, ceramica e luce: la mostra diventa spazio<\/strong><\/h2>\n\n\n\n<p class=\"wp-block-paragraph\"><em>The Lake Boy<\/em> non si limita per\u00f2 alla successione di singole opere. \u0141\u0105czny costruisce un ambiente in cui pittura di grande formato, film, scenografia, ceramica e installazioni luminose dialogano tra loro. La serie ceramica <em>Black Desire<\/em>, con le sue forme irregolari e fluide, evoca superfici liquide, gocce e materia organica; contemporaneamente la luce modifica la percezione dello spazio e trasforma le opere pittoriche in elementi quasi architettonici.<\/p>\n\n\n\n<p class=\"wp-block-paragraph\">\u00c8 qui che il progetto diventa particolarmente interessante anche dal punto di vista del design. La mostra pone infatti una domanda che va oltre l\u2019opera d\u2019arte: che cosa rende un luogo adatto al corpo che lo abita?<\/p>\n\n\n\n<p class=\"wp-block-paragraph\">\u0141\u0105czny parla di \u201cluoghi porosi\u201d, ambienti capaci di consentire passaggio, contatto e negoziazione continua del confine tra individuo e ambiente. Lo spazio non \u00e8 quindi uno sfondo neutro, ma qualcosa che influenza il corpo, la percezione e la possibilit\u00e0 stessa di rigenerarsi.<\/p>\n\n\n\n<h2 class=\"wp-block-heading\">Ragazzo del lago<\/h2>\n\n\n\n<p class=\"wp-block-paragraph\">Il titolo della mostra introduce infine una dimensione pi\u00f9 intima. <em>The Lake Boy<\/em> trova infatti un riferimento nella poesia di Stanis\u0142aw Grochowiak, e in particolare nel ciclo <em>Giochi da bambino<\/em> e nella poesia <em>Ragazzo del lago<\/em>. Il lago diventa il punto di partenza per una riflessione sulla memoria del corpo, sulla crescita, sulla mascolinit\u00e0 e sul paesaggio come elemento capace di partecipare alla costruzione dell\u2019identit\u00e0.<\/p>\n\n\n\n<p class=\"wp-block-paragraph\"><a href=\"https:\/\/www.habemusdesign.com\/wp-admin\/edit.php?post_type=post\"><\/a><\/p>\n\n\n\n<p class=\"wp-block-paragraph\">Ne emerge un racconto nel quale natura e corpo non sono due realt\u00e0 separate. Entrambi cambiano, trattengono memoria, reagiscono alle condizioni esterne e cercano continuamente un nuovo equilibrio.<\/p>\n\n\n\n<h2 class=\"wp-block-heading\"><strong>Jakub \u0141\u0105czny: tra pittura e immagine in movimento<\/strong><\/h2>\n\n\n\n<p class=\"wp-block-paragraph\">Pittore, artista visivo, filmmaker, direttore della fotografia, postproduttore e colorist, Jakub \u0141\u0105czny ha costruito il proprio percorso lavorando costantemente sul confine tra immagine statica e immagine in movimento.<\/p>\n\n\n\n<p class=\"wp-block-paragraph\">Formatosi tra \u0141\u00f3d\u017a, Zielona G\u00f3ra, Pozna\u0144 e il Dartington College of Art nel Regno Unito, nel 2009 ha conseguito il diploma in pittura e nel 2020 il dottorato presso l\u2019Accademia di Belle Arti di \u0141\u00f3d\u017a. Oggi dirige il Painting Form Studio dell\u2019Institute of Painting and Drawing della stessa Accademia ed \u00e8 docente presso la \u0141\u00f3d\u017a University of Technology.<\/p>\n\n\n\n<p class=\"wp-block-paragraph\">Le sue opere sono state presentate in numerose istituzioni e manifestazioni in Polonia e all\u2019estero, tra cui Fringe Warszawa, \u0141\u00f3d\u017a Design Festival, ART&amp;DESIGN Festival, oltre a spazi espositivi di Berlino e Chemnitz. Parallelamente porta avanti una ricerca cinematografica come operatore, postproduttore e autore della correzione colore.<\/p>\n\n\n\n<p class=\"wp-block-paragraph\">Pittura e cinema rimangono i due territori principali della sua ricerca, spesso intrecciati in un unico linguaggio fatto di immagine, luce, colore, movimento e spazio.<\/p>\n\n\n\n<p class=\"wp-block-paragraph\">Con <em>The Lake Boy<\/em>, questa ricerca arriva a Londra trasformandosi in un ambiente da attraversare: un luogo in cui il corpo incontra la materia e il paesaggio torna a essere parte della costruzione dell\u2019identit\u00e0.<\/p>\n\n\n\n<p class=\"wp-block-paragraph\"><strong>Habemus Design \u00e8 media partner<\/strong> del progetto <em>The Lake Boy<\/em> in occasione del London Design Festival 2026.<\/p>\n\n\n\n<p class=\"wp-block-paragraph\">The Lake Boy \u2013 Jakub \u0141\u0105czny<br>12\u201314 settembre 2026<br>TradeStars, Copperfield St, Southwark, London SE1 0EA<br>London Design Festival 2026<\/p>\n\n\n\n<p class=\"wp-block-paragraph\"><a href=\"https:\/\/londondesignfestival.com\/activities\/the-lake-boy-jakub-laczny-345cc8f4-808d-4d2a-9858-17dc4754c04f\" data-type=\"link\" data-id=\"https:\/\/londondesignfestival.com\/activities\/the-lake-boy-jakub-laczny-345cc8f4-808d-4d2a-9858-17dc4754c04f\">The Lake Boy \u2013 oficjalny program London Design Festival<\/a><\/p>\n\n\n\n<div style=\"height:29px\" aria-hidden=\"true\" class=\"wp-block-spacer\"><\/div>\n\n\n\n<figure class=\"wp-block-image size-large\"><img alt=\"\" loading=\"lazy\" decoding=\"async\" width=\"1024\" height=\"576\" src=\"https:\/\/www.habemusdesign.com\/wp-content\/uploads\/2026\/08\/cover-1024x576.jpg\" alt=\"\" class=\"wp-image-6276\" srcset=\"https:\/\/www.habemusdesign.com\/wp-content\/uploads\/2026\/08\/cover-1024x576.jpg 1024w, https:\/\/www.habemusdesign.com\/wp-content\/uploads\/2026\/08\/cover-768x432.jpg 768w, https:\/\/www.habemusdesign.com\/wp-content\/uploads\/2026\/08\/cover-300x169.jpg 300w, https:\/\/www.habemusdesign.com\/wp-content\/uploads\/2026\/08\/cover-150x84.jpg 150w, https:\/\/www.habemusdesign.com\/wp-content\/uploads\/2026\/08\/cover-370x208.jpg 370w, https:\/\/www.habemusdesign.com\/wp-content\/uploads\/2026\/08\/cover-800x450.jpg 800w, https:\/\/www.habemusdesign.com\/wp-content\/uploads\/2026\/08\/cover-20x12.jpg 20w, https:\/\/www.habemusdesign.com\/wp-content\/uploads\/2026\/08\/cover-740x416.jpg 740w, https:\/\/www.habemusdesign.com\/wp-content\/uploads\/2026\/08\/cover-85x48.jpg 85w\" sizes=\"auto, (max-width: 1024px) 100vw, 1024px\" \/><\/figure>\n\n\n\n<div style=\"height:100px\" aria-hidden=\"true\" class=\"wp-block-spacer\"><\/div>\n","protected":false},"excerpt":{"rendered":"<p>In occasione del London Design Festival 2026, l\u2019artista polacco Jakub \u0141\u0105czny presenta a Londra The Lake Boy, un progetto multidisciplinare in cui pittura, film, ceramica e luce costruiscono uno spazio di relazione tra corpo, natura e memoria. Habemus Design accompagna il progetto in qualit\u00e0 di media partner. Dal 12 al 20 settembre Londra torna a&hellip;<\/p>\n","protected":false},"author":2,"featured_media":6271,"comment_status":"closed","ping_status":"open","sticky":false,"template":"","format":"standard","meta":{"_seopress_titles_title":"","_seopress_titles_desc":"","_seopress_robots_index":"","_seopress_robots_follow":"","_seopress_robots_imageindex":"","_seopress_robots_snippet":"","_seopress_robots_primary_cat":"","_seopress_robots_breadcrumbs":"","_seopress_robots_freeze_modified_date":"","_seopress_robots_custom_modified_date":"","_seopress_robots_canonical":"","_seopress_social_fb_title":"","_seopress_social_fb_desc":"","_seopress_social_fb_img":"","_seopress_social_fb_img_attachment_id":0,"_seopress_social_fb_img_width":0,"_seopress_social_fb_img_height":0,"_seopress_social_twitter_title":"","_seopress_social_twitter_desc":"","_seopress_social_twitter_img":"","_seopress_social_twitter_img_attachment_id":0,"_seopress_social_twitter_img_width":0,"_seopress_social_twitter_img_height":0,"_seopress_redirections_value":"","_seopress_redirections_enabled":"","_seopress_redirections_enabled_regex":"","_seopress_redirections_logged_status":"","_seopress_redirections_param":"","_seopress_redirections_type":0,"_seopress_analysis_target_kw":"","footnotes":""},"categories":[85],"tags":[688,185],"thb-sponsors":[],"class_list":["post-6278","post","type-post","status-publish","format-standard","has-post-thumbnail","hentry","category-luoghi","tag-london-design-week","tag-polski-design"],"_links":{"self":[{"href":"https:\/\/www.habemusdesign.com\/it\/wp-json\/wp\/v2\/posts\/6278","targetHints":{"allow":["GET"]}}],"collection":[{"href":"https:\/\/www.habemusdesign.com\/it\/wp-json\/wp\/v2\/posts"}],"about":[{"href":"https:\/\/www.habemusdesign.com\/it\/wp-json\/wp\/v2\/types\/post"}],"author":[{"embeddable":true,"href":"https:\/\/www.habemusdesign.com\/it\/wp-json\/wp\/v2\/users\/2"}],"replies":[{"embeddable":true,"href":"https:\/\/www.habemusdesign.com\/it\/wp-json\/wp\/v2\/comments?post=6278"}],"version-history":[{"count":3,"href":"https:\/\/www.habemusdesign.com\/it\/wp-json\/wp\/v2\/posts\/6278\/revisions"}],"predecessor-version":[{"id":6284,"href":"https:\/\/www.habemusdesign.com\/it\/wp-json\/wp\/v2\/posts\/6278\/revisions\/6284"}],"wp:featuredmedia":[{"embeddable":true,"href":"https:\/\/www.habemusdesign.com\/it\/wp-json\/wp\/v2\/media\/6271"}],"wp:attachment":[{"href":"https:\/\/www.habemusdesign.com\/it\/wp-json\/wp\/v2\/media?parent=6278"}],"wp:term":[{"taxonomy":"category","embeddable":true,"href":"https:\/\/www.habemusdesign.com\/it\/wp-json\/wp\/v2\/categories?post=6278"},{"taxonomy":"post_tag","embeddable":true,"href":"https:\/\/www.habemusdesign.com\/it\/wp-json\/wp\/v2\/tags?post=6278"},{"taxonomy":"thb-sponsors","embeddable":true,"href":"https:\/\/www.habemusdesign.com\/it\/wp-json\/wp\/v2\/thb-sponsors?post=6278"}],"curies":[{"name":"wp","href":"https:\/\/api.w.org\/{rel}","templated":true}]}}