{"id":6042,"date":"2026-04-07T08:47:37","date_gmt":"2026-04-07T06:47:37","guid":{"rendered":"https:\/\/www.habemusdesign.com\/?p=6042"},"modified":"2026-04-07T08:54:22","modified_gmt":"2026-04-07T06:54:22","slug":"swallows-tail-furniture-il-design-che-matura-nel-tempo","status":"publish","type":"post","link":"https:\/\/www.habemusdesign.com\/it\/swallows-tail-furniture-il-design-che-matura-nel-tempo\/","title":{"rendered":"Swallow\u2019s Tail Furniture \u2013 il design che matura nel tempo"},"content":{"rendered":"\n<p class=\"wp-block-paragraph\">In un\u2019epoca in cui il design segue sempre pi\u00f9 spesso i ritmi accelerati della produzione e delle tendenze, Swallow\u2019s Tail Furniture racconta una storia diversa. Qui il progetto non nasce per rispondere a una stagione, ma prende forma come processo: lento, consapevole, capace di maturare nel tempo. Il risultato sono oggetti che non si limitano a funzionare, ma sono pensati per <strong>durare con bellezza<\/strong>.<\/p>\n\n\n\n<h2 class=\"wp-block-heading\"><strong><strong>Dallo schizzo alla manifattura<\/strong><\/strong><\/h2>\n\n\n\n<p class=\"wp-block-paragraph\">La storia del marchio inizia a Wroc\u0142aw, dove si incontrano due sensibilit\u00e0 progettuali. Magdalena Hubka, con una formazione in grafica artistica, e Piotr Grzybowski, architetto d\u2019interni, lavorano insieme dal 1999, sviluppando negli anni un linguaggio formale riconoscibile.<\/p>\n\n\n\n<p class=\"wp-block-paragraph\">Nel 2012 nasce l\u2019idea di creare una propria manifattura. Due anni dopo prende forma Swallow\u2019s Tail Furniture: non solo uno studio di progettazione, ma un sistema completo, in cui ogni fase \u2013 dal primo schizzo alla realizzazione finale \u2013 resta sotto il controllo diretto dei designer.<\/p>\n\n\n\n<div style=\"height:30px\" aria-hidden=\"true\" class=\"wp-block-spacer\"><\/div>\n\n\n\n<figure class=\"wp-block-image size-full\"><img alt=\"\" loading=\"lazy\" decoding=\"async\" width=\"640\" height=\"960\" src=\"https:\/\/www.habemusdesign.com\/wp-content\/uploads\/2026\/04\/SALA_FOTO-TITOLARI_Marek-Swoboda-Fotografia-3_ASKO-showroom_Warszawa_4000.jpg\" alt=\"\" class=\"wp-image-5997\" srcset=\"https:\/\/www.habemusdesign.com\/wp-content\/uploads\/2026\/04\/SALA_FOTO-TITOLARI_Marek-Swoboda-Fotografia-3_ASKO-showroom_Warszawa_4000.jpg 640w, https:\/\/www.habemusdesign.com\/wp-content\/uploads\/2026\/04\/SALA_FOTO-TITOLARI_Marek-Swoboda-Fotografia-3_ASKO-showroom_Warszawa_4000-200x300.jpg 200w, https:\/\/www.habemusdesign.com\/wp-content\/uploads\/2026\/04\/SALA_FOTO-TITOLARI_Marek-Swoboda-Fotografia-3_ASKO-showroom_Warszawa_4000-100x150.jpg 100w, https:\/\/www.habemusdesign.com\/wp-content\/uploads\/2026\/04\/SALA_FOTO-TITOLARI_Marek-Swoboda-Fotografia-3_ASKO-showroom_Warszawa_4000-370x555.jpg 370w, https:\/\/www.habemusdesign.com\/wp-content\/uploads\/2026\/04\/SALA_FOTO-TITOLARI_Marek-Swoboda-Fotografia-3_ASKO-showroom_Warszawa_4000-20x30.jpg 20w, https:\/\/www.habemusdesign.com\/wp-content\/uploads\/2026\/04\/SALA_FOTO-TITOLARI_Marek-Swoboda-Fotografia-3_ASKO-showroom_Warszawa_4000-32x48.jpg 32w\" sizes=\"auto, (max-width: 640px) 100vw, 640px\" \/><figcaption class=\"wp-element-caption\">fot. Marek Swoboda<\/figcaption><\/figure>\n\n\n\n<div style=\"height:30px\" aria-hidden=\"true\" class=\"wp-block-spacer\"><\/div>\n\n\n\n<p class=\"wp-block-paragraph\">Anche il nome racchiude una dichiarazione d\u2019intenti. \u201cSwallow\u2019s tail\u201d, letteralmente \u201ccoda di rondine\u201d, rimanda al celebre incastro a coda di rondine, una delle tecniche pi\u00f9 antiche e resistenti della falegnameria. Simbolo di precisione e solidit\u00e0, questo dettaglio costruttivo racconta il legame con la tradizione artigianale. Allo stesso tempo, richiama la leggerezza e il dinamismo del volo della rondine. \u00c8 proprio in questo equilibrio \u2013 tra struttura e grazia \u2013 che si riconosce l\u2019identit\u00e0 del brand.<\/p>\n\n\n\n<div style=\"height:30px\" aria-hidden=\"true\" class=\"wp-block-spacer\"><\/div>\n\n\n\n<figure class=\"wp-block-image size-full\"><img alt=\"\" loading=\"lazy\" decoding=\"async\" width=\"960\" height=\"640\" src=\"https:\/\/www.habemusdesign.com\/wp-content\/uploads\/2026\/04\/SALA_Ambiente_Marek-Swoboda-Fotografia-2_ASKO-showroom_Warszawa_4000.jpg\" alt=\"\" class=\"wp-image-6000\" srcset=\"https:\/\/www.habemusdesign.com\/wp-content\/uploads\/2026\/04\/SALA_Ambiente_Marek-Swoboda-Fotografia-2_ASKO-showroom_Warszawa_4000.jpg 960w, https:\/\/www.habemusdesign.com\/wp-content\/uploads\/2026\/04\/SALA_Ambiente_Marek-Swoboda-Fotografia-2_ASKO-showroom_Warszawa_4000-300x200.jpg 300w, https:\/\/www.habemusdesign.com\/wp-content\/uploads\/2026\/04\/SALA_Ambiente_Marek-Swoboda-Fotografia-2_ASKO-showroom_Warszawa_4000-150x100.jpg 150w, https:\/\/www.habemusdesign.com\/wp-content\/uploads\/2026\/04\/SALA_Ambiente_Marek-Swoboda-Fotografia-2_ASKO-showroom_Warszawa_4000-768x512.jpg 768w, https:\/\/www.habemusdesign.com\/wp-content\/uploads\/2026\/04\/SALA_Ambiente_Marek-Swoboda-Fotografia-2_ASKO-showroom_Warszawa_4000-370x247.jpg 370w, https:\/\/www.habemusdesign.com\/wp-content\/uploads\/2026\/04\/SALA_Ambiente_Marek-Swoboda-Fotografia-2_ASKO-showroom_Warszawa_4000-800x533.jpg 800w, https:\/\/www.habemusdesign.com\/wp-content\/uploads\/2026\/04\/SALA_Ambiente_Marek-Swoboda-Fotografia-2_ASKO-showroom_Warszawa_4000-20x13.jpg 20w, https:\/\/www.habemusdesign.com\/wp-content\/uploads\/2026\/04\/SALA_Ambiente_Marek-Swoboda-Fotografia-2_ASKO-showroom_Warszawa_4000-740x493.jpg 740w, https:\/\/www.habemusdesign.com\/wp-content\/uploads\/2026\/04\/SALA_Ambiente_Marek-Swoboda-Fotografia-2_ASKO-showroom_Warszawa_4000-72x48.jpg 72w\" sizes=\"auto, (max-width: 960px) 100vw, 960px\" \/><\/figure>\n\n\n\n<div style=\"height:30px\" aria-hidden=\"true\" class=\"wp-block-spacer\"><\/div>\n\n\n\n<figure class=\"wp-block-gallery has-nested-images columns-default is-cropped wp-block-gallery-1 is-layout-flex wp-block-gallery-is-layout-flex\">\n<figure class=\"wp-block-image size-large\"><img alt=\"allo\" loading=\"lazy\" decoding=\"async\" width=\"682\" height=\"1024\" data-id=\"6002\" src=\"https:\/\/www.habemusdesign.com\/wp-content\/uploads\/2026\/04\/Stoliki_Particolare__allo_dab_stfurniture_detal_aranzacja-682x1024.jpg\" alt=\"\" class=\"wp-image-6002\" srcset=\"https:\/\/www.habemusdesign.com\/wp-content\/uploads\/2026\/04\/Stoliki_Particolare__allo_dab_stfurniture_detal_aranzacja-682x1024.jpg 682w, https:\/\/www.habemusdesign.com\/wp-content\/uploads\/2026\/04\/Stoliki_Particolare__allo_dab_stfurniture_detal_aranzacja-200x300.jpg 200w, https:\/\/www.habemusdesign.com\/wp-content\/uploads\/2026\/04\/Stoliki_Particolare__allo_dab_stfurniture_detal_aranzacja-100x150.jpg 100w, https:\/\/www.habemusdesign.com\/wp-content\/uploads\/2026\/04\/Stoliki_Particolare__allo_dab_stfurniture_detal_aranzacja-370x555.jpg 370w, https:\/\/www.habemusdesign.com\/wp-content\/uploads\/2026\/04\/Stoliki_Particolare__allo_dab_stfurniture_detal_aranzacja-20x30.jpg 20w, https:\/\/www.habemusdesign.com\/wp-content\/uploads\/2026\/04\/Stoliki_Particolare__allo_dab_stfurniture_detal_aranzacja-32x48.jpg 32w\" sizes=\"auto, (max-width: 682px) 100vw, 682px\" \/><\/figure>\n<\/figure>\n\n\n\n<div style=\"height:30px\" aria-hidden=\"true\" class=\"wp-block-spacer\"><\/div>\n\n\n\n<h2 class=\"wp-block-heading\"><strong><strong>Progettare come atto di responsabilit\u00e0<\/strong><\/strong><\/h2>\n\n\n\n<p class=\"wp-block-paragraph\">Il punto di forza di Swallow\u2019s Tail \u00e8 la coerenza. I designer non delegano il processo produttivo: lo seguono in prima persona, fase dopo fase. Ogni oggetto nasce cos\u00ec da un dialogo continuo tra idea, materiale e tecnologia.<\/p>\n\n\n\n<p class=\"wp-block-paragraph\">Non c\u2019\u00e8 spazio per la routine o per il design seriale. C\u2019\u00e8 invece attenzione, tempo e cura per il dettaglio, per la costruzione, per la proporzione.<\/p>\n\n\n\n<p class=\"wp-block-paragraph\">Come sottolinea Magdalena Hubka, il progetto guarda contemporaneamente al passato \u2013 alla migliore tradizione dell\u2019ebanisteria \u2013 e al futuro, fatto di nuove tecnologie e soluzioni.<\/p>\n\n\n\n<div style=\"height:30px\" aria-hidden=\"true\" class=\"wp-block-spacer\"><\/div>\n\n\n\n<figure class=\"wp-block-image size-full\"><img alt=\"\" loading=\"lazy\" decoding=\"async\" width=\"850\" height=\"568\" src=\"https:\/\/www.habemusdesign.com\/wp-content\/uploads\/2026\/04\/Forse_COPERTINA_ST-CALIPERS-WHITE-SWALLOWS-TAIL-FURNITURE-VISTULA-02-copy.jpg\" alt=\"\" class=\"wp-image-6004\" srcset=\"https:\/\/www.habemusdesign.com\/wp-content\/uploads\/2026\/04\/Forse_COPERTINA_ST-CALIPERS-WHITE-SWALLOWS-TAIL-FURNITURE-VISTULA-02-copy.jpg 850w, https:\/\/www.habemusdesign.com\/wp-content\/uploads\/2026\/04\/Forse_COPERTINA_ST-CALIPERS-WHITE-SWALLOWS-TAIL-FURNITURE-VISTULA-02-copy-300x200.jpg 300w, https:\/\/www.habemusdesign.com\/wp-content\/uploads\/2026\/04\/Forse_COPERTINA_ST-CALIPERS-WHITE-SWALLOWS-TAIL-FURNITURE-VISTULA-02-copy-150x100.jpg 150w, https:\/\/www.habemusdesign.com\/wp-content\/uploads\/2026\/04\/Forse_COPERTINA_ST-CALIPERS-WHITE-SWALLOWS-TAIL-FURNITURE-VISTULA-02-copy-768x513.jpg 768w, https:\/\/www.habemusdesign.com\/wp-content\/uploads\/2026\/04\/Forse_COPERTINA_ST-CALIPERS-WHITE-SWALLOWS-TAIL-FURNITURE-VISTULA-02-copy-370x247.jpg 370w, https:\/\/www.habemusdesign.com\/wp-content\/uploads\/2026\/04\/Forse_COPERTINA_ST-CALIPERS-WHITE-SWALLOWS-TAIL-FURNITURE-VISTULA-02-copy-800x535.jpg 800w, https:\/\/www.habemusdesign.com\/wp-content\/uploads\/2026\/04\/Forse_COPERTINA_ST-CALIPERS-WHITE-SWALLOWS-TAIL-FURNITURE-VISTULA-02-copy-20x13.jpg 20w, https:\/\/www.habemusdesign.com\/wp-content\/uploads\/2026\/04\/Forse_COPERTINA_ST-CALIPERS-WHITE-SWALLOWS-TAIL-FURNITURE-VISTULA-02-copy-740x494.jpg 740w, https:\/\/www.habemusdesign.com\/wp-content\/uploads\/2026\/04\/Forse_COPERTINA_ST-CALIPERS-WHITE-SWALLOWS-TAIL-FURNITURE-VISTULA-02-copy-72x48.jpg 72w\" sizes=\"auto, (max-width: 850px) 100vw, 850px\" \/><\/figure>\n\n\n\n<div style=\"height:30px\" aria-hidden=\"true\" class=\"wp-block-spacer\"><\/div>\n\n\n\n<h2 class=\"wp-block-heading\"><strong><strong>Tra artigianato e innovazione<\/strong><\/strong><\/h2>\n\n\n\n<p class=\"wp-block-paragraph\">I mobili Swallow\u2019s Tail sono realizzati principalmente in legno naturale \u2013 rovere, noce, acero \u2013 materiali scelti non solo per la loro qualit\u00e0, ma per la loro capacit\u00e0 espressiva.<\/p>\n\n\n\n<p class=\"wp-block-paragraph\">La lavorazione artigianale \u00e8 affiancata da tecnologie avanzate come la lavorazione CNC, che consente una precisione estrema senza rinunciare al carattere del fatto a mano.<\/p>\n\n\n\n<p class=\"wp-block-paragraph\">Il risultato \u00e8 un design equilibrato, dove la costruzione diventa linguaggio e il dettaglio rivela una cura quasi sartorialeMeble Swallow\u2019s Tail powstaj\u0105 z naturalnych materia\u0142\u00f3w \u2013 przede wszystkim d\u0119bu, orzecha i klonu. Drewno nie jest tu jedynie surowcem, ale pe\u0142noprawnym bohaterem projekt\u00f3w.<\/p>\n\n\n\n<div style=\"height:30px\" aria-hidden=\"true\" class=\"wp-block-spacer\"><\/div>\n\n\n\n<figure class=\"wp-block-image size-large\"><img alt=\"\" loading=\"lazy\" decoding=\"async\" width=\"1024\" height=\"819\" src=\"https:\/\/www.habemusdesign.com\/wp-content\/uploads\/2026\/04\/Tavolo-studio_01_stfurniture_calipers_photoshoot_01q-1024x819.jpg\" alt=\"\" class=\"wp-image-6006\" srcset=\"https:\/\/www.habemusdesign.com\/wp-content\/uploads\/2026\/04\/Tavolo-studio_01_stfurniture_calipers_photoshoot_01q-1024x819.jpg 1024w, https:\/\/www.habemusdesign.com\/wp-content\/uploads\/2026\/04\/Tavolo-studio_01_stfurniture_calipers_photoshoot_01q-300x240.jpg 300w, https:\/\/www.habemusdesign.com\/wp-content\/uploads\/2026\/04\/Tavolo-studio_01_stfurniture_calipers_photoshoot_01q-150x120.jpg 150w, https:\/\/www.habemusdesign.com\/wp-content\/uploads\/2026\/04\/Tavolo-studio_01_stfurniture_calipers_photoshoot_01q-768x614.jpg 768w, https:\/\/www.habemusdesign.com\/wp-content\/uploads\/2026\/04\/Tavolo-studio_01_stfurniture_calipers_photoshoot_01q-370x296.jpg 370w, https:\/\/www.habemusdesign.com\/wp-content\/uploads\/2026\/04\/Tavolo-studio_01_stfurniture_calipers_photoshoot_01q-800x640.jpg 800w, https:\/\/www.habemusdesign.com\/wp-content\/uploads\/2026\/04\/Tavolo-studio_01_stfurniture_calipers_photoshoot_01q-20x16.jpg 20w, https:\/\/www.habemusdesign.com\/wp-content\/uploads\/2026\/04\/Tavolo-studio_01_stfurniture_calipers_photoshoot_01q-740x592.jpg 740w, https:\/\/www.habemusdesign.com\/wp-content\/uploads\/2026\/04\/Tavolo-studio_01_stfurniture_calipers_photoshoot_01q-60x48.jpg 60w\" sizes=\"auto, (max-width: 1024px) 100vw, 1024px\" \/><\/figure>\n\n\n\n<div style=\"height:30px\" aria-hidden=\"true\" class=\"wp-block-spacer\"><\/div>\n\n\n<div class=\"wp-block-image\">\n<figure class=\"aligncenter size-full\"><img alt=\"\" loading=\"lazy\" decoding=\"async\" width=\"400\" height=\"600\" src=\"https:\/\/www.habemusdesign.com\/wp-content\/uploads\/2026\/04\/Tavolo-studio_2_ST-CALIPERS-DESK-biurko-02.jpg\" alt=\"\" class=\"wp-image-6008\" srcset=\"https:\/\/www.habemusdesign.com\/wp-content\/uploads\/2026\/04\/Tavolo-studio_2_ST-CALIPERS-DESK-biurko-02.jpg 400w, https:\/\/www.habemusdesign.com\/wp-content\/uploads\/2026\/04\/Tavolo-studio_2_ST-CALIPERS-DESK-biurko-02-200x300.jpg 200w, https:\/\/www.habemusdesign.com\/wp-content\/uploads\/2026\/04\/Tavolo-studio_2_ST-CALIPERS-DESK-biurko-02-100x150.jpg 100w, https:\/\/www.habemusdesign.com\/wp-content\/uploads\/2026\/04\/Tavolo-studio_2_ST-CALIPERS-DESK-biurko-02-370x555.jpg 370w, https:\/\/www.habemusdesign.com\/wp-content\/uploads\/2026\/04\/Tavolo-studio_2_ST-CALIPERS-DESK-biurko-02-20x30.jpg 20w, https:\/\/www.habemusdesign.com\/wp-content\/uploads\/2026\/04\/Tavolo-studio_2_ST-CALIPERS-DESK-biurko-02-32x48.jpg 32w\" sizes=\"auto, (max-width: 400px) 100vw, 400px\" \/><\/figure>\n<\/div>\n\n\n<div style=\"height:30px\" aria-hidden=\"true\" class=\"wp-block-spacer\"><\/div>\n\n\n\n<h2 class=\"wp-block-heading\"><strong><strong>Un riconoscimento internazionale<\/strong><\/strong><\/h2>\n\n\n\n<p class=\"wp-block-paragraph\">Pur mantenendo un forte legame con il contesto locale, il marchio ha rapidamente conquistato una dimensione internazionale. I suoi progetti sono stati presentati nelle principali fiere di settore, da Francoforte a Parigi.<\/p>\n\n\n\n<p class=\"wp-block-paragraph\">Riconoscimenti come l\u2019iF Design Award e i premi Must Have confermano la qualit\u00e0 di un percorso indipendente, capace di dialogare con il panorama globale del design.<\/p>\n\n\n\n<h2 class=\"wp-block-heading\"><strong><strong>Oggetti come narrazioni<\/strong><\/strong><\/h2>\n\n\n\n<p class=\"wp-block-paragraph\"><strong><strong>Okal \u2013 modernismo morbido<\/strong><br><\/strong>Un tavolo ispirato all\u2019architettura degli anni \u201930, caratterizzato da linee fluide e proporzioni armoniose. Porta nello spazio un senso di ritmo e calma.<\/p>\n\n\n\n<div style=\"height:31px\" aria-hidden=\"true\" class=\"wp-block-spacer\"><\/div>\n\n\n\n<figure class=\"wp-block-image size-large\"><img alt=\"\" loading=\"lazy\" decoding=\"async\" width=\"768\" height=\"1024\" src=\"https:\/\/www.habemusdesign.com\/wp-content\/uploads\/2026\/04\/OKAL_table_oak_detal_01-768x1024.jpg\" alt=\"\" class=\"wp-image-6033\" srcset=\"https:\/\/www.habemusdesign.com\/wp-content\/uploads\/2026\/04\/OKAL_table_oak_detal_01-768x1025.jpg 768w, https:\/\/www.habemusdesign.com\/wp-content\/uploads\/2026\/04\/OKAL_table_oak_detal_01-225x300.jpg 225w, https:\/\/www.habemusdesign.com\/wp-content\/uploads\/2026\/04\/OKAL_table_oak_detal_01-112x150.jpg 112w, https:\/\/www.habemusdesign.com\/wp-content\/uploads\/2026\/04\/OKAL_table_oak_detal_01-370x494.jpg 370w, https:\/\/www.habemusdesign.com\/wp-content\/uploads\/2026\/04\/OKAL_table_oak_detal_01-740x987.jpg 740w, https:\/\/www.habemusdesign.com\/wp-content\/uploads\/2026\/04\/OKAL_table_oak_detal_01-20x27.jpg 20w, https:\/\/www.habemusdesign.com\/wp-content\/uploads\/2026\/04\/OKAL_table_oak_detal_01-36x48.jpg 36w\" sizes=\"auto, (max-width: 768px) 100vw, 768px\" \/><\/figure>\n\n\n\n<div style=\"height:30px\" aria-hidden=\"true\" class=\"wp-block-spacer\"><\/div>\n\n\n\n<p class=\"wp-block-paragraph\"><strong><strong>ST Calipers \u2013 dinamica e precisione<\/strong><br><\/strong>Un progetto che nasce dall\u2019idea di movimento e dagli strumenti di navigazione. La sua struttura distintiva crea un forte segno visivo.<\/p>\n\n\n\n<div style=\"height:30px\" aria-hidden=\"true\" class=\"wp-block-spacer\"><\/div>\n\n\n<div class=\"wp-block-image\">\n<figure class=\"aligncenter size-full\"><img alt=\"\" loading=\"lazy\" decoding=\"async\" width=\"567\" height=\"567\" src=\"https:\/\/www.habemusdesign.com\/wp-content\/uploads\/2026\/04\/TAVOLO_5_ST_CALIPERS_COPPER_stfurniture_01.jpg\" alt=\"\" class=\"wp-image-6010\" srcset=\"https:\/\/www.habemusdesign.com\/wp-content\/uploads\/2026\/04\/TAVOLO_5_ST_CALIPERS_COPPER_stfurniture_01.jpg 567w, https:\/\/www.habemusdesign.com\/wp-content\/uploads\/2026\/04\/TAVOLO_5_ST_CALIPERS_COPPER_stfurniture_01-300x300.jpg 300w, https:\/\/www.habemusdesign.com\/wp-content\/uploads\/2026\/04\/TAVOLO_5_ST_CALIPERS_COPPER_stfurniture_01-150x150.jpg 150w, https:\/\/www.habemusdesign.com\/wp-content\/uploads\/2026\/04\/TAVOLO_5_ST_CALIPERS_COPPER_stfurniture_01-180x180.jpg 180w, https:\/\/www.habemusdesign.com\/wp-content\/uploads\/2026\/04\/TAVOLO_5_ST_CALIPERS_COPPER_stfurniture_01-90x90.jpg 90w, https:\/\/www.habemusdesign.com\/wp-content\/uploads\/2026\/04\/TAVOLO_5_ST_CALIPERS_COPPER_stfurniture_01-370x370.jpg 370w, https:\/\/www.habemusdesign.com\/wp-content\/uploads\/2026\/04\/TAVOLO_5_ST_CALIPERS_COPPER_stfurniture_01-20x20.jpg 20w, https:\/\/www.habemusdesign.com\/wp-content\/uploads\/2026\/04\/TAVOLO_5_ST_CALIPERS_COPPER_stfurniture_01-48x48.jpg 48w\" sizes=\"auto, (max-width: 567px) 100vw, 567px\" \/><figcaption class=\"wp-element-caption\">nowoczesny st\u00f3\u0142 ST Calipers zaprojektowany przez Piotra Grzybowskiego i Magdalen\u0119 Hubk\u0119; producent Swallow&#8217;s Tail; must have 2017<\/figcaption><\/figure>\n<\/div>\n\n\n<div style=\"height:30px\" aria-hidden=\"true\" class=\"wp-block-spacer\"><\/div>\n\n\n\n<p class=\"wp-block-paragraph\"><strong><strong>Masiv \u2013 materia e natura<\/strong><br><\/strong>Un tavolo-scultura in rovere massello, che valorizza i bordi naturali del legno. Ogni pezzo \u00e8 unico.<\/p>\n\n\n\n<div style=\"height:30px\" aria-hidden=\"true\" class=\"wp-block-spacer\"><\/div>\n\n\n\n<figure class=\"wp-block-image size-full\"><img alt=\"\" loading=\"lazy\" decoding=\"async\" width=\"1024\" height=\"819\" src=\"https:\/\/www.habemusdesign.com\/wp-content\/uploads\/2026\/04\/MASIV_OAK_factory_01-1.jpg\" alt=\"\" class=\"wp-image-6035\" srcset=\"https:\/\/www.habemusdesign.com\/wp-content\/uploads\/2026\/04\/MASIV_OAK_factory_01-1.jpg 1024w, https:\/\/www.habemusdesign.com\/wp-content\/uploads\/2026\/04\/MASIV_OAK_factory_01-1-300x240.jpg 300w, https:\/\/www.habemusdesign.com\/wp-content\/uploads\/2026\/04\/MASIV_OAK_factory_01-1-150x120.jpg 150w, https:\/\/www.habemusdesign.com\/wp-content\/uploads\/2026\/04\/MASIV_OAK_factory_01-1-768x614.jpg 768w, https:\/\/www.habemusdesign.com\/wp-content\/uploads\/2026\/04\/MASIV_OAK_factory_01-1-370x296.jpg 370w, https:\/\/www.habemusdesign.com\/wp-content\/uploads\/2026\/04\/MASIV_OAK_factory_01-1-800x640.jpg 800w, https:\/\/www.habemusdesign.com\/wp-content\/uploads\/2026\/04\/MASIV_OAK_factory_01-1-20x16.jpg 20w, https:\/\/www.habemusdesign.com\/wp-content\/uploads\/2026\/04\/MASIV_OAK_factory_01-1-740x592.jpg 740w, https:\/\/www.habemusdesign.com\/wp-content\/uploads\/2026\/04\/MASIV_OAK_factory_01-1-60x48.jpg 60w\" sizes=\"auto, (max-width: 1024px) 100vw, 1024px\" \/><\/figure>\n\n\n\n<div style=\"height:29px\" aria-hidden=\"true\" class=\"wp-block-spacer\"><\/div>\n\n\n\n<p class=\"wp-block-paragraph\"><strong><strong>Phab \u2013 ritmo e struttura<\/strong><br><\/strong>Una credenza minimalista, definita dal ritmo dei frontali e da una costruzione originale che alleggerisce visivamente il volume.<\/p>\n\n\n\n<div style=\"height:30px\" aria-hidden=\"true\" class=\"wp-block-spacer\"><\/div>\n\n\n<div class=\"wp-block-image\">\n<figure class=\"aligncenter size-full\"><img alt=\"\" loading=\"lazy\" decoding=\"async\" width=\"478\" height=\"670\" src=\"https:\/\/www.habemusdesign.com\/wp-content\/uploads\/2026\/04\/Mobile_Phab_komoda_Swallows-Tail-Furniture_Jozefow_3000.jpg\" alt=\"\" class=\"wp-image-6024\" srcset=\"https:\/\/www.habemusdesign.com\/wp-content\/uploads\/2026\/04\/Mobile_Phab_komoda_Swallows-Tail-Furniture_Jozefow_3000.jpg 478w, https:\/\/www.habemusdesign.com\/wp-content\/uploads\/2026\/04\/Mobile_Phab_komoda_Swallows-Tail-Furniture_Jozefow_3000-214x300.jpg 214w, https:\/\/www.habemusdesign.com\/wp-content\/uploads\/2026\/04\/Mobile_Phab_komoda_Swallows-Tail-Furniture_Jozefow_3000-107x150.jpg 107w, https:\/\/www.habemusdesign.com\/wp-content\/uploads\/2026\/04\/Mobile_Phab_komoda_Swallows-Tail-Furniture_Jozefow_3000-370x519.jpg 370w, https:\/\/www.habemusdesign.com\/wp-content\/uploads\/2026\/04\/Mobile_Phab_komoda_Swallows-Tail-Furniture_Jozefow_3000-20x28.jpg 20w, https:\/\/www.habemusdesign.com\/wp-content\/uploads\/2026\/04\/Mobile_Phab_komoda_Swallows-Tail-Furniture_Jozefow_3000-34x48.jpg 34w\" sizes=\"auto, (max-width: 478px) 100vw, 478px\" \/><\/figure>\n<\/div>\n\n\n<div style=\"height:40px\" aria-hidden=\"true\" class=\"wp-block-spacer\"><\/div>\n\n\n\n<figure class=\"wp-block-gallery has-nested-images columns-default is-cropped wp-block-gallery-2 is-layout-flex wp-block-gallery-is-layout-flex\">\n<figure class=\"wp-block-image size-large\"><img alt=\"\" loading=\"lazy\" decoding=\"async\" width=\"683\" height=\"1024\" data-id=\"6028\" src=\"https:\/\/www.habemusdesign.com\/wp-content\/uploads\/2026\/04\/Mobile-Particolare_S.E.komoda_drewniana_nowoczesna_04-683x1024.jpg\" alt=\"\" class=\"wp-image-6028\" srcset=\"https:\/\/www.habemusdesign.com\/wp-content\/uploads\/2026\/04\/Mobile-Particolare_S.E.komoda_drewniana_nowoczesna_04-683x1024.jpg 683w, https:\/\/www.habemusdesign.com\/wp-content\/uploads\/2026\/04\/Mobile-Particolare_S.E.komoda_drewniana_nowoczesna_04-200x300.jpg 200w, https:\/\/www.habemusdesign.com\/wp-content\/uploads\/2026\/04\/Mobile-Particolare_S.E.komoda_drewniana_nowoczesna_04-100x150.jpg 100w, https:\/\/www.habemusdesign.com\/wp-content\/uploads\/2026\/04\/Mobile-Particolare_S.E.komoda_drewniana_nowoczesna_04-370x555.jpg 370w, https:\/\/www.habemusdesign.com\/wp-content\/uploads\/2026\/04\/Mobile-Particolare_S.E.komoda_drewniana_nowoczesna_04-20x30.jpg 20w, https:\/\/www.habemusdesign.com\/wp-content\/uploads\/2026\/04\/Mobile-Particolare_S.E.komoda_drewniana_nowoczesna_04-32x48.jpg 32w\" sizes=\"auto, (max-width: 683px) 100vw, 683px\" \/><figcaption class=\"wp-element-caption\">Detail fo the sideboard named S.E&gt;, wwoden cupboard or media cabinet, design Piotr Grybowski, Magdalena Fybka Swallow&#8217;s Tail Furniture<\/figcaption><\/figure>\n\n\n\n<figure class=\"wp-block-image size-large\"><img alt=\"\" loading=\"lazy\" decoding=\"async\" width=\"683\" height=\"1024\" data-id=\"6026\" src=\"https:\/\/www.habemusdesign.com\/wp-content\/uploads\/2026\/04\/Mobile_S.E.komoda_drewniana_nowoczesna_01-683x1024.jpg\" alt=\"\" class=\"wp-image-6026\" srcset=\"https:\/\/www.habemusdesign.com\/wp-content\/uploads\/2026\/04\/Mobile_S.E.komoda_drewniana_nowoczesna_01-683x1024.jpg 683w, https:\/\/www.habemusdesign.com\/wp-content\/uploads\/2026\/04\/Mobile_S.E.komoda_drewniana_nowoczesna_01-200x300.jpg 200w, https:\/\/www.habemusdesign.com\/wp-content\/uploads\/2026\/04\/Mobile_S.E.komoda_drewniana_nowoczesna_01-100x150.jpg 100w, https:\/\/www.habemusdesign.com\/wp-content\/uploads\/2026\/04\/Mobile_S.E.komoda_drewniana_nowoczesna_01-370x555.jpg 370w, https:\/\/www.habemusdesign.com\/wp-content\/uploads\/2026\/04\/Mobile_S.E.komoda_drewniana_nowoczesna_01-20x30.jpg 20w, https:\/\/www.habemusdesign.com\/wp-content\/uploads\/2026\/04\/Mobile_S.E.komoda_drewniana_nowoczesna_01-32x48.jpg 32w\" sizes=\"auto, (max-width: 683px) 100vw, 683px\" \/><figcaption class=\"wp-element-caption\">Detail fo the sideboard named S.E&gt;, wwoden cupboard or media cabinet, design Piotr Grybowski, Magdalena Fybka Swallow&#8217;s Tail Furniture<\/figcaption><\/figure>\n<\/figure>\n\n\n\n<p class=\"wp-block-paragraph\"><strong>Maree \u2013 fluidit\u00e0 e libert\u00e0<br><\/strong>Una collezione di tavolini dalle forme morbide e fluide, ispirate al movimento e alla leggerezza<\/p>\n\n\n\n<div style=\"height:32px\" aria-hidden=\"true\" class=\"wp-block-spacer\"><\/div>\n\n\n\n<figure class=\"wp-block-image size-large\"><img alt=\"\" loading=\"lazy\" decoding=\"async\" width=\"683\" height=\"1024\" src=\"https:\/\/www.habemusdesign.com\/wp-content\/uploads\/2026\/04\/MAREE_coffe_table_red_collection_01-683x1024.jpg\" alt=\"\" class=\"wp-image-6022\" srcset=\"https:\/\/www.habemusdesign.com\/wp-content\/uploads\/2026\/04\/MAREE_coffe_table_red_collection_01-683x1024.jpg 683w, https:\/\/www.habemusdesign.com\/wp-content\/uploads\/2026\/04\/MAREE_coffe_table_red_collection_01-200x300.jpg 200w, https:\/\/www.habemusdesign.com\/wp-content\/uploads\/2026\/04\/MAREE_coffe_table_red_collection_01-100x150.jpg 100w, https:\/\/www.habemusdesign.com\/wp-content\/uploads\/2026\/04\/MAREE_coffe_table_red_collection_01-370x555.jpg 370w, https:\/\/www.habemusdesign.com\/wp-content\/uploads\/2026\/04\/MAREE_coffe_table_red_collection_01-20x30.jpg 20w, https:\/\/www.habemusdesign.com\/wp-content\/uploads\/2026\/04\/MAREE_coffe_table_red_collection_01-32x48.jpg 32w\" sizes=\"auto, (max-width: 683px) 100vw, 683px\" \/><\/figure>\n\n\n\n<p class=\"wp-block-paragraph\"><strong>Allo \u2013 eleganza organica<\/strong><strong><br><\/strong>Forme arrotondate e materiali naturali danno vita a oggetti equilibrati, capaci di evocare la calma della natura.<\/p>\n\n\n\n<p class=\"wp-block-paragraph\">.<\/p>\n\n\n\n<div style=\"height:30px\" aria-hidden=\"true\" class=\"wp-block-spacer\"><\/div>\n\n\n\n<figure class=\"wp-block-image size-large\"><img loading=\"lazy\" decoding=\"async\" width=\"682\" height=\"1024\" src=\"https:\/\/www.habemusdesign.com\/wp-content\/uploads\/2026\/04\/Stoliki_Particolare__allo_dab_stfurniture_detal_aranzacja-682x1024.jpg\" alt=\"allo\" class=\"wp-image-6002\" srcset=\"https:\/\/www.habemusdesign.com\/wp-content\/uploads\/2026\/04\/Stoliki_Particolare__allo_dab_stfurniture_detal_aranzacja-682x1024.jpg 682w, https:\/\/www.habemusdesign.com\/wp-content\/uploads\/2026\/04\/Stoliki_Particolare__allo_dab_stfurniture_detal_aranzacja-200x300.jpg 200w, https:\/\/www.habemusdesign.com\/wp-content\/uploads\/2026\/04\/Stoliki_Particolare__allo_dab_stfurniture_detal_aranzacja-100x150.jpg 100w, https:\/\/www.habemusdesign.com\/wp-content\/uploads\/2026\/04\/Stoliki_Particolare__allo_dab_stfurniture_detal_aranzacja-370x555.jpg 370w, https:\/\/www.habemusdesign.com\/wp-content\/uploads\/2026\/04\/Stoliki_Particolare__allo_dab_stfurniture_detal_aranzacja-20x30.jpg 20w, https:\/\/www.habemusdesign.com\/wp-content\/uploads\/2026\/04\/Stoliki_Particolare__allo_dab_stfurniture_detal_aranzacja-32x48.jpg 32w\" sizes=\"auto, (max-width: 682px) 100vw, 682px\" \/><\/figure>\n\n\n\n<p class=\"wp-block-paragraph\"><strong>Taoz \u2013 funzione e costruzione<br><\/strong>Un tavolo in cui la struttura sostiene e definisce la forma, garantendo flessibilit\u00e0 e versatilit\u00e0 d\u2019uso.<\/p>\n\n\n\n<div style=\"height:30px\" aria-hidden=\"true\" class=\"wp-block-spacer\"><\/div>\n\n\n\n<figure class=\"wp-block-image size-full\"><img alt=\"\" loading=\"lazy\" decoding=\"async\" width=\"778\" height=\"595\" src=\"https:\/\/www.habemusdesign.com\/wp-content\/uploads\/2026\/04\/TAVOLO_2_TAOZ-TABLE-GREY-SWALLOW_S-TAIL-FURNITURE-01-s.jpg\" alt=\"\" class=\"wp-image-6013\" srcset=\"https:\/\/www.habemusdesign.com\/wp-content\/uploads\/2026\/04\/TAVOLO_2_TAOZ-TABLE-GREY-SWALLOW_S-TAIL-FURNITURE-01-s.jpg 778w, https:\/\/www.habemusdesign.com\/wp-content\/uploads\/2026\/04\/TAVOLO_2_TAOZ-TABLE-GREY-SWALLOW_S-TAIL-FURNITURE-01-s-300x229.jpg 300w, https:\/\/www.habemusdesign.com\/wp-content\/uploads\/2026\/04\/TAVOLO_2_TAOZ-TABLE-GREY-SWALLOW_S-TAIL-FURNITURE-01-s-150x115.jpg 150w, https:\/\/www.habemusdesign.com\/wp-content\/uploads\/2026\/04\/TAVOLO_2_TAOZ-TABLE-GREY-SWALLOW_S-TAIL-FURNITURE-01-s-768x587.jpg 768w, https:\/\/www.habemusdesign.com\/wp-content\/uploads\/2026\/04\/TAVOLO_2_TAOZ-TABLE-GREY-SWALLOW_S-TAIL-FURNITURE-01-s-370x283.jpg 370w, https:\/\/www.habemusdesign.com\/wp-content\/uploads\/2026\/04\/TAVOLO_2_TAOZ-TABLE-GREY-SWALLOW_S-TAIL-FURNITURE-01-s-20x15.jpg 20w, https:\/\/www.habemusdesign.com\/wp-content\/uploads\/2026\/04\/TAVOLO_2_TAOZ-TABLE-GREY-SWALLOW_S-TAIL-FURNITURE-01-s-740x566.jpg 740w, https:\/\/www.habemusdesign.com\/wp-content\/uploads\/2026\/04\/TAVOLO_2_TAOZ-TABLE-GREY-SWALLOW_S-TAIL-FURNITURE-01-s-63x48.jpg 63w\" sizes=\"auto, (max-width: 778px) 100vw, 778px\" \/><\/figure>\n\n\n\n<div style=\"height:30px\" aria-hidden=\"true\" class=\"wp-block-spacer\"><\/div>\n\n\n\n<figure class=\"wp-block-gallery has-nested-images columns-default is-cropped wp-block-gallery-3 is-layout-flex wp-block-gallery-is-layout-flex\">\n<figure class=\"wp-block-image size-large\"><img alt=\"\" loading=\"lazy\" decoding=\"async\" width=\"683\" height=\"1024\" data-id=\"6017\" src=\"https:\/\/www.habemusdesign.com\/wp-content\/uploads\/2026\/04\/TAVOLO_3_Stol_rozkladany_Taoz_czarny_stfurniture_oryginalny_polski_design_04-683x1024.jpg\" alt=\"\" class=\"wp-image-6017\" srcset=\"https:\/\/www.habemusdesign.com\/wp-content\/uploads\/2026\/04\/TAVOLO_3_Stol_rozkladany_Taoz_czarny_stfurniture_oryginalny_polski_design_04-683x1024.jpg 683w, https:\/\/www.habemusdesign.com\/wp-content\/uploads\/2026\/04\/TAVOLO_3_Stol_rozkladany_Taoz_czarny_stfurniture_oryginalny_polski_design_04-200x300.jpg 200w, https:\/\/www.habemusdesign.com\/wp-content\/uploads\/2026\/04\/TAVOLO_3_Stol_rozkladany_Taoz_czarny_stfurniture_oryginalny_polski_design_04-100x150.jpg 100w, https:\/\/www.habemusdesign.com\/wp-content\/uploads\/2026\/04\/TAVOLO_3_Stol_rozkladany_Taoz_czarny_stfurniture_oryginalny_polski_design_04-370x555.jpg 370w, https:\/\/www.habemusdesign.com\/wp-content\/uploads\/2026\/04\/TAVOLO_3_Stol_rozkladany_Taoz_czarny_stfurniture_oryginalny_polski_design_04-20x30.jpg 20w, https:\/\/www.habemusdesign.com\/wp-content\/uploads\/2026\/04\/TAVOLO_3_Stol_rozkladany_Taoz_czarny_stfurniture_oryginalny_polski_design_04-32x48.jpg 32w\" sizes=\"auto, (max-width: 683px) 100vw, 683px\" \/><\/figure>\n\n\n\n<figure class=\"wp-block-image size-large\"><img alt=\"\" loading=\"lazy\" decoding=\"async\" width=\"683\" height=\"1024\" data-id=\"6015\" src=\"https:\/\/www.habemusdesign.com\/wp-content\/uploads\/2026\/04\/TAVOLO_Particolare_Stol_rozkladany_Taoz_czarny_stfurniture_oryginalny_polski_design_01-683x1024.jpg\" alt=\"\" class=\"wp-image-6015\" srcset=\"https:\/\/www.habemusdesign.com\/wp-content\/uploads\/2026\/04\/TAVOLO_Particolare_Stol_rozkladany_Taoz_czarny_stfurniture_oryginalny_polski_design_01-683x1024.jpg 683w, https:\/\/www.habemusdesign.com\/wp-content\/uploads\/2026\/04\/TAVOLO_Particolare_Stol_rozkladany_Taoz_czarny_stfurniture_oryginalny_polski_design_01-200x300.jpg 200w, https:\/\/www.habemusdesign.com\/wp-content\/uploads\/2026\/04\/TAVOLO_Particolare_Stol_rozkladany_Taoz_czarny_stfurniture_oryginalny_polski_design_01-100x150.jpg 100w, https:\/\/www.habemusdesign.com\/wp-content\/uploads\/2026\/04\/TAVOLO_Particolare_Stol_rozkladany_Taoz_czarny_stfurniture_oryginalny_polski_design_01-370x555.jpg 370w, https:\/\/www.habemusdesign.com\/wp-content\/uploads\/2026\/04\/TAVOLO_Particolare_Stol_rozkladany_Taoz_czarny_stfurniture_oryginalny_polski_design_01-20x30.jpg 20w, https:\/\/www.habemusdesign.com\/wp-content\/uploads\/2026\/04\/TAVOLO_Particolare_Stol_rozkladany_Taoz_czarny_stfurniture_oryginalny_polski_design_01-32x48.jpg 32w\" sizes=\"auto, (max-width: 683px) 100vw, 683px\" \/><\/figure>\n<\/figure>\n\n\n\n<div style=\"height:30px\" aria-hidden=\"true\" class=\"wp-block-spacer\"><\/div>\n\n\n\n<p class=\"wp-block-paragraph\"><strong>Widen \u2013 essenzialit\u00e0 contemporanea<\/strong><strong><br><\/strong>Un tavolo elegante e funzionale, con un sistema di estensione intuitivo, pensato per la vita quotidiana.<\/p>\n\n\n\n<div style=\"height:36px\" aria-hidden=\"true\" class=\"wp-block-spacer\"><\/div>\n\n\n\n<figure class=\"wp-block-image size-full\"><img alt=\"\" loading=\"lazy\" decoding=\"async\" width=\"1024\" height=\"1024\" src=\"https:\/\/www.habemusdesign.com\/wp-content\/uploads\/2026\/04\/Swallowstail_Widen_black_1_45.jpg\" alt=\"\" class=\"wp-image-6031\" srcset=\"https:\/\/www.habemusdesign.com\/wp-content\/uploads\/2026\/04\/Swallowstail_Widen_black_1_45.jpg 1024w, https:\/\/www.habemusdesign.com\/wp-content\/uploads\/2026\/04\/Swallowstail_Widen_black_1_45-300x300.jpg 300w, https:\/\/www.habemusdesign.com\/wp-content\/uploads\/2026\/04\/Swallowstail_Widen_black_1_45-150x150.jpg 150w, https:\/\/www.habemusdesign.com\/wp-content\/uploads\/2026\/04\/Swallowstail_Widen_black_1_45-768x768.jpg 768w, https:\/\/www.habemusdesign.com\/wp-content\/uploads\/2026\/04\/Swallowstail_Widen_black_1_45-180x180.jpg 180w, https:\/\/www.habemusdesign.com\/wp-content\/uploads\/2026\/04\/Swallowstail_Widen_black_1_45-90x90.jpg 90w, https:\/\/www.habemusdesign.com\/wp-content\/uploads\/2026\/04\/Swallowstail_Widen_black_1_45-370x370.jpg 370w, https:\/\/www.habemusdesign.com\/wp-content\/uploads\/2026\/04\/Swallowstail_Widen_black_1_45-800x800.jpg 800w, https:\/\/www.habemusdesign.com\/wp-content\/uploads\/2026\/04\/Swallowstail_Widen_black_1_45-20x20.jpg 20w, https:\/\/www.habemusdesign.com\/wp-content\/uploads\/2026\/04\/Swallowstail_Widen_black_1_45-740x740.jpg 740w, https:\/\/www.habemusdesign.com\/wp-content\/uploads\/2026\/04\/Swallowstail_Widen_black_1_45-48x48.jpg 48w\" sizes=\"auto, (max-width: 1024px) 100vw, 1024px\" \/><\/figure>\n\n\n\n<div style=\"height:30px\" aria-hidden=\"true\" class=\"wp-block-spacer\"><\/div>\n\n\n\n<h2 class=\"wp-block-heading\"><strong><strong>Oltre la tendenza<\/strong><\/strong><\/h2>\n\n\n\n<p class=\"wp-block-paragraph\">Swallow\u2019s Tail Furniture dimostra che il design pu\u00f2 essere contemporaneo senza essere effimero. I suoi progetti non inseguono le mode, ma costruiscono un\u2019estetica destinata a durare.<\/p>\n\n\n\n<p class=\"wp-block-paragraph\">\u00c8 un approccio sempre pi\u00f9 rilevante nel panorama attuale: un design consapevole, che rispetta il materiale, il processo e chi lo utilizza.<\/p>\n\n\n\n<p class=\"wp-block-paragraph\">E che, soprattutto, restituisce allo spazio qualcosa di pi\u00f9 della funzione: <strong>significato e permanenza<\/strong>.<\/p>\n\n\n\n<div style=\"height:30px\" aria-hidden=\"true\" class=\"wp-block-spacer\"><\/div>\n\n\n\n<figure class=\"wp-block-image size-large\"><img alt=\"\" loading=\"lazy\" decoding=\"async\" width=\"1024\" height=\"684\" src=\"https:\/\/www.habemusdesign.com\/wp-content\/uploads\/2026\/04\/Forse-Copertina_T-CALIPERS-BD-SWALLOWS-TAIL-FURNITURE-VISTULA-05-copy-1024x684.jpg\" alt=\"\" class=\"wp-image-6019\" srcset=\"https:\/\/www.habemusdesign.com\/wp-content\/uploads\/2026\/04\/Forse-Copertina_T-CALIPERS-BD-SWALLOWS-TAIL-FURNITURE-VISTULA-05-copy-1024x684.jpg 1024w, https:\/\/www.habemusdesign.com\/wp-content\/uploads\/2026\/04\/Forse-Copertina_T-CALIPERS-BD-SWALLOWS-TAIL-FURNITURE-VISTULA-05-copy-300x200.jpg 300w, https:\/\/www.habemusdesign.com\/wp-content\/uploads\/2026\/04\/Forse-Copertina_T-CALIPERS-BD-SWALLOWS-TAIL-FURNITURE-VISTULA-05-copy-150x100.jpg 150w, https:\/\/www.habemusdesign.com\/wp-content\/uploads\/2026\/04\/Forse-Copertina_T-CALIPERS-BD-SWALLOWS-TAIL-FURNITURE-VISTULA-05-copy-768x513.jpg 768w, https:\/\/www.habemusdesign.com\/wp-content\/uploads\/2026\/04\/Forse-Copertina_T-CALIPERS-BD-SWALLOWS-TAIL-FURNITURE-VISTULA-05-copy-370x247.jpg 370w, https:\/\/www.habemusdesign.com\/wp-content\/uploads\/2026\/04\/Forse-Copertina_T-CALIPERS-BD-SWALLOWS-TAIL-FURNITURE-VISTULA-05-copy-800x534.jpg 800w, https:\/\/www.habemusdesign.com\/wp-content\/uploads\/2026\/04\/Forse-Copertina_T-CALIPERS-BD-SWALLOWS-TAIL-FURNITURE-VISTULA-05-copy-20x13.jpg 20w, https:\/\/www.habemusdesign.com\/wp-content\/uploads\/2026\/04\/Forse-Copertina_T-CALIPERS-BD-SWALLOWS-TAIL-FURNITURE-VISTULA-05-copy-740x494.jpg 740w, https:\/\/www.habemusdesign.com\/wp-content\/uploads\/2026\/04\/Forse-Copertina_T-CALIPERS-BD-SWALLOWS-TAIL-FURNITURE-VISTULA-05-copy-72x48.jpg 72w\" sizes=\"auto, (max-width: 1024px) 100vw, 1024px\" \/><\/figure>\n\n\n\n<div style=\"height:100px\" aria-hidden=\"true\" class=\"wp-block-spacer\"><\/div>\n","protected":false},"excerpt":{"rendered":"<p>In un\u2019epoca in cui il design segue sempre pi\u00f9 spesso i ritmi accelerati della produzione e delle tendenze, Swallow\u2019s Tail Furniture racconta una storia diversa. Qui il progetto non nasce per rispondere a una stagione, ma prende forma come processo: lento, consapevole, capace di maturare nel tempo. Il risultato sono oggetti che non si limitano&hellip;<\/p>\n","protected":false},"author":2,"featured_media":5995,"comment_status":"closed","ping_status":"closed","sticky":false,"template":"","format":"standard","meta":{"_seopress_titles_title":"","_seopress_titles_desc":"Il progetto non nasce per rispondere a una stagione, ma prende forma come processo: lento, consapevole, capace di maturare nel tempo.","_seopress_robots_index":"","_seopress_robots_follow":"","_seopress_robots_imageindex":"","_seopress_robots_snippet":"","_seopress_robots_primary_cat":"97","_seopress_robots_breadcrumbs":"","_seopress_robots_freeze_modified_date":"","_seopress_robots_custom_modified_date":"","_seopress_robots_canonical":"","_seopress_social_fb_title":"","_seopress_social_fb_desc":"","_seopress_social_fb_img":"","_seopress_social_fb_img_attachment_id":0,"_seopress_social_fb_img_width":0,"_seopress_social_fb_img_height":0,"_seopress_social_twitter_title":"","_seopress_social_twitter_desc":"","_seopress_social_twitter_img":"","_seopress_social_twitter_img_attachment_id":0,"_seopress_social_twitter_img_width":0,"_seopress_social_twitter_img_height":0,"_seopress_redirections_value":"","_seopress_redirections_enabled":"","_seopress_redirections_enabled_regex":"","_seopress_redirections_logged_status":"","_seopress_redirections_param":"","_seopress_redirections_type":0,"_seopress_analysis_target_kw":"Swallow\u2019s Tail Furniture","footnotes":""},"categories":[84],"tags":[672,464,671,249,673,301],"thb-sponsors":[],"class_list":["post-6042","post","type-post","status-publish","format-standard","has-post-thumbnail","hentry","category-brands","tag-arredo","tag-design-polacco","tag-meble","tag-polski-design-it","tag-progetti","tag-wzornictwo-it"],"_links":{"self":[{"href":"https:\/\/www.habemusdesign.com\/it\/wp-json\/wp\/v2\/posts\/6042","targetHints":{"allow":["GET"]}}],"collection":[{"href":"https:\/\/www.habemusdesign.com\/it\/wp-json\/wp\/v2\/posts"}],"about":[{"href":"https:\/\/www.habemusdesign.com\/it\/wp-json\/wp\/v2\/types\/post"}],"author":[{"embeddable":true,"href":"https:\/\/www.habemusdesign.com\/it\/wp-json\/wp\/v2\/users\/2"}],"replies":[{"embeddable":true,"href":"https:\/\/www.habemusdesign.com\/it\/wp-json\/wp\/v2\/comments?post=6042"}],"version-history":[{"count":2,"href":"https:\/\/www.habemusdesign.com\/it\/wp-json\/wp\/v2\/posts\/6042\/revisions"}],"predecessor-version":[{"id":6046,"href":"https:\/\/www.habemusdesign.com\/it\/wp-json\/wp\/v2\/posts\/6042\/revisions\/6046"}],"wp:featuredmedia":[{"embeddable":true,"href":"https:\/\/www.habemusdesign.com\/it\/wp-json\/wp\/v2\/media\/5995"}],"wp:attachment":[{"href":"https:\/\/www.habemusdesign.com\/it\/wp-json\/wp\/v2\/media?parent=6042"}],"wp:term":[{"taxonomy":"category","embeddable":true,"href":"https:\/\/www.habemusdesign.com\/it\/wp-json\/wp\/v2\/categories?post=6042"},{"taxonomy":"post_tag","embeddable":true,"href":"https:\/\/www.habemusdesign.com\/it\/wp-json\/wp\/v2\/tags?post=6042"},{"taxonomy":"thb-sponsors","embeddable":true,"href":"https:\/\/www.habemusdesign.com\/it\/wp-json\/wp\/v2\/thb-sponsors?post=6042"}],"curies":[{"name":"wp","href":"https:\/\/api.w.org\/{rel}","templated":true}]}}