{"id":5990,"date":"2026-03-17T10:31:11","date_gmt":"2026-03-17T09:31:11","guid":{"rendered":"https:\/\/www.habemusdesign.com\/?p=5990"},"modified":"2026-03-17T11:05:46","modified_gmt":"2026-03-17T10:05:46","slug":"progetto-interior-folk-tra-tradizione-slava-colore-ed-eclettismo","status":"publish","type":"post","link":"https:\/\/www.habemusdesign.com\/it\/progetto-interior-folk-tra-tradizione-slava-colore-ed-eclettismo\/","title":{"rendered":"Progetto interior folk. Tra tradizione slava, colore ed eclettismo"},"content":{"rendered":"\n<p class=\"wp-block-paragraph\">Questo appartamento di 60 metri quadrati a Legnica in sud-ovest Polonia \u00e8 stato progettato per una giovane coppia che fin dall\u2019inizio aveva un\u2019idea molto chiara: la loro casa doveva essere audace, personale e diversa dalla maggior parte degli interni contemporanei. Al posto di palette neutre e minimalismo, qui dominano il colore, l\u2019eclettismo e le ispirazioni folkloristiche.<\/p>\n\n\n\n<div style=\"height:31px\" aria-hidden=\"true\" class=\"wp-block-spacer\"><\/div>\n\n\n\n<figure class=\"wp-block-image size-large\"><img alt=\"\" loading=\"lazy\" decoding=\"async\" width=\"1024\" height=\"683\" src=\"https:\/\/www.habemusdesign.com\/wp-content\/uploads\/2026\/03\/Staniec-Monika-architekt-wnetrz-realizacja-6-1024x683.jpg\" alt=\"\" class=\"wp-image-5955\" srcset=\"https:\/\/www.habemusdesign.com\/wp-content\/uploads\/2026\/03\/Staniec-Monika-architekt-wnetrz-realizacja-6-1024x683.jpg 1024w, https:\/\/www.habemusdesign.com\/wp-content\/uploads\/2026\/03\/Staniec-Monika-architekt-wnetrz-realizacja-6-300x200.jpg 300w, https:\/\/www.habemusdesign.com\/wp-content\/uploads\/2026\/03\/Staniec-Monika-architekt-wnetrz-realizacja-6-150x100.jpg 150w, https:\/\/www.habemusdesign.com\/wp-content\/uploads\/2026\/03\/Staniec-Monika-architekt-wnetrz-realizacja-6-768x512.jpg 768w, https:\/\/www.habemusdesign.com\/wp-content\/uploads\/2026\/03\/Staniec-Monika-architekt-wnetrz-realizacja-6-370x247.jpg 370w, https:\/\/www.habemusdesign.com\/wp-content\/uploads\/2026\/03\/Staniec-Monika-architekt-wnetrz-realizacja-6-800x533.jpg 800w, https:\/\/www.habemusdesign.com\/wp-content\/uploads\/2026\/03\/Staniec-Monika-architekt-wnetrz-realizacja-6-20x13.jpg 20w, https:\/\/www.habemusdesign.com\/wp-content\/uploads\/2026\/03\/Staniec-Monika-architekt-wnetrz-realizacja-6-740x493.jpg 740w, https:\/\/www.habemusdesign.com\/wp-content\/uploads\/2026\/03\/Staniec-Monika-architekt-wnetrz-realizacja-6-72x48.jpg 72w\" sizes=\"auto, (max-width: 1024px) 100vw, 1024px\" \/><\/figure>\n\n\n\n<div style=\"height:31px\" aria-hidden=\"true\" class=\"wp-block-spacer\"><\/div>\n\n\n\n<p class=\"wp-block-paragraph\">Il primo incontro con la architetta Monika Staniec si \u00e8 svolto nel giugno 2025. La decisione di collaborare \u00e8 arrivata quasi immediatamente: progettista e committenti hanno scoperto di condividere la stessa sensibilit\u00e0 per la natura, i colori intensi e gli interni pieni di carattere.<\/p>\n\n\n\n<p class=\"wp-block-paragraph\">Il primo vero elemento di folklore presente nella casa \u00e8 per\u00f2 la stessa proprietaria, Klaudia W\u00f3jcik. \u00c8 la cantante del progetto musicale Projekt Wianek, un gruppo folk-elettronico che unisce la musica tradizionale slava con sonorit\u00e0 elettroniche contemporanee. Nel loro universo creativo convivono natura, sensualit\u00e0 e colore &#8211; elementi che sono diventati rapidamente la base dell\u2019intero concept progettuale.<\/p>\n\n\n\n<div style=\"height:31px\" aria-hidden=\"true\" class=\"wp-block-spacer\"><\/div>\n\n\n\n<figure class=\"wp-block-gallery has-nested-images columns-default is-cropped wp-block-gallery-1 is-layout-flex wp-block-gallery-is-layout-flex\">\n<figure class=\"wp-block-image size-large\"><img alt=\"\" loading=\"lazy\" decoding=\"async\" width=\"683\" height=\"1024\" data-id=\"5961\" src=\"https:\/\/www.habemusdesign.com\/wp-content\/uploads\/2026\/03\/Staniec-Monika-architekt-wnetrz-realizacja-8-683x1024.jpg\" alt=\"\" class=\"wp-image-5961\" srcset=\"https:\/\/www.habemusdesign.com\/wp-content\/uploads\/2026\/03\/Staniec-Monika-architekt-wnetrz-realizacja-8-683x1024.jpg 683w, https:\/\/www.habemusdesign.com\/wp-content\/uploads\/2026\/03\/Staniec-Monika-architekt-wnetrz-realizacja-8-200x300.jpg 200w, https:\/\/www.habemusdesign.com\/wp-content\/uploads\/2026\/03\/Staniec-Monika-architekt-wnetrz-realizacja-8-100x150.jpg 100w, https:\/\/www.habemusdesign.com\/wp-content\/uploads\/2026\/03\/Staniec-Monika-architekt-wnetrz-realizacja-8-370x555.jpg 370w, https:\/\/www.habemusdesign.com\/wp-content\/uploads\/2026\/03\/Staniec-Monika-architekt-wnetrz-realizacja-8-20x30.jpg 20w, https:\/\/www.habemusdesign.com\/wp-content\/uploads\/2026\/03\/Staniec-Monika-architekt-wnetrz-realizacja-8-32x48.jpg 32w\" sizes=\"auto, (max-width: 683px) 100vw, 683px\" \/><\/figure>\n\n\n\n<figure class=\"wp-block-image size-large\"><img alt=\"\" loading=\"lazy\" decoding=\"async\" width=\"683\" height=\"1024\" data-id=\"5959\" src=\"https:\/\/www.habemusdesign.com\/wp-content\/uploads\/2026\/03\/Staniec-Monika-architekt-wnetrz-realizacja-10-683x1024.jpg\" alt=\"\" class=\"wp-image-5959\" srcset=\"https:\/\/www.habemusdesign.com\/wp-content\/uploads\/2026\/03\/Staniec-Monika-architekt-wnetrz-realizacja-10-683x1024.jpg 683w, https:\/\/www.habemusdesign.com\/wp-content\/uploads\/2026\/03\/Staniec-Monika-architekt-wnetrz-realizacja-10-200x300.jpg 200w, https:\/\/www.habemusdesign.com\/wp-content\/uploads\/2026\/03\/Staniec-Monika-architekt-wnetrz-realizacja-10-100x150.jpg 100w, https:\/\/www.habemusdesign.com\/wp-content\/uploads\/2026\/03\/Staniec-Monika-architekt-wnetrz-realizacja-10-370x555.jpg 370w, https:\/\/www.habemusdesign.com\/wp-content\/uploads\/2026\/03\/Staniec-Monika-architekt-wnetrz-realizacja-10-20x30.jpg 20w, https:\/\/www.habemusdesign.com\/wp-content\/uploads\/2026\/03\/Staniec-Monika-architekt-wnetrz-realizacja-10-32x48.jpg 32w\" sizes=\"auto, (max-width: 683px) 100vw, 683px\" \/><\/figure>\n<\/figure>\n\n\n\n<div style=\"height:31px\" aria-hidden=\"true\" class=\"wp-block-spacer\"><\/div>\n\n\n\n<figure class=\"wp-block-image size-large\"><img alt=\"\" loading=\"lazy\" decoding=\"async\" width=\"683\" height=\"1024\" src=\"https:\/\/www.habemusdesign.com\/wp-content\/uploads\/2026\/03\/Staniec-Monika-architekt-wnetrz-realizacja-11-683x1024.jpg\" alt=\"\" class=\"wp-image-5957\" srcset=\"https:\/\/www.habemusdesign.com\/wp-content\/uploads\/2026\/03\/Staniec-Monika-architekt-wnetrz-realizacja-11-683x1024.jpg 683w, https:\/\/www.habemusdesign.com\/wp-content\/uploads\/2026\/03\/Staniec-Monika-architekt-wnetrz-realizacja-11-200x300.jpg 200w, https:\/\/www.habemusdesign.com\/wp-content\/uploads\/2026\/03\/Staniec-Monika-architekt-wnetrz-realizacja-11-100x150.jpg 100w, https:\/\/www.habemusdesign.com\/wp-content\/uploads\/2026\/03\/Staniec-Monika-architekt-wnetrz-realizacja-11-370x555.jpg 370w, https:\/\/www.habemusdesign.com\/wp-content\/uploads\/2026\/03\/Staniec-Monika-architekt-wnetrz-realizacja-11-20x30.jpg 20w, https:\/\/www.habemusdesign.com\/wp-content\/uploads\/2026\/03\/Staniec-Monika-architekt-wnetrz-realizacja-11-32x48.jpg 32w\" sizes=\"auto, (max-width: 683px) 100vw, 683px\" \/><\/figure>\n\n\n\n<div style=\"height:31px\" aria-hidden=\"true\" class=\"wp-block-spacer\"><\/div>\n\n\n\n<p class=\"wp-block-paragraph\">Uno dei simboli visivi del gruppo \u00e8 il ricamo a punto croce. Proprio questo motivo \u00e8 diventato il punto di partenza dell\u2019interior design. Durante la ricerca dei materiali, la designer ha scoperto delle piastrelle decorate con un pattern che ricorda il ricamo su fondo nero. Anche se provengono dal sud Europa, esprimevano perfettamente lo spirito dell\u2019ispirazione e hanno dato avvio all\u2019intero progetto.<\/p>\n\n\n\n<p class=\"wp-block-paragraph\">Nei passaggi successivi, la palette cromatica della casa \u00e8 stata letteralmente \u201cestratta\u201d dal ricamo a punto croce. Da l\u00ec derivano le sfumature presenti negli interni: transizioni fluide tra i colori e accostamenti forti e decisi.<\/p>\n\n\n\n<p class=\"wp-block-paragraph\">Il colore dominante \u00e8 un intenso bordeaux, che appare in diversi elementi dello spazio: dal soffitto della zona giorno alle piastrelle della cucina, fino al bagno, dove dialoga con un verde oliva profondo. Persino il vaso sospeso \u00e8 stato scelto in questa tonalit\u00e0, a sottolineare la coerenza dell\u2019intero progetto.<\/p>\n\n\n\n<div style=\"height:31px\" aria-hidden=\"true\" class=\"wp-block-spacer\"><\/div>\n\n\n\n<figure class=\"wp-block-image size-large\"><img alt=\"\" loading=\"lazy\" decoding=\"async\" width=\"683\" height=\"1024\" src=\"https:\/\/www.habemusdesign.com\/wp-content\/uploads\/2026\/03\/Staniec-Monika-architekt-wnetrz-realizacja-17-683x1024.jpg\" alt=\"\" class=\"wp-image-5965\" srcset=\"https:\/\/www.habemusdesign.com\/wp-content\/uploads\/2026\/03\/Staniec-Monika-architekt-wnetrz-realizacja-17-683x1024.jpg 683w, https:\/\/www.habemusdesign.com\/wp-content\/uploads\/2026\/03\/Staniec-Monika-architekt-wnetrz-realizacja-17-200x300.jpg 200w, https:\/\/www.habemusdesign.com\/wp-content\/uploads\/2026\/03\/Staniec-Monika-architekt-wnetrz-realizacja-17-100x150.jpg 100w, https:\/\/www.habemusdesign.com\/wp-content\/uploads\/2026\/03\/Staniec-Monika-architekt-wnetrz-realizacja-17-370x555.jpg 370w, https:\/\/www.habemusdesign.com\/wp-content\/uploads\/2026\/03\/Staniec-Monika-architekt-wnetrz-realizacja-17-20x30.jpg 20w, https:\/\/www.habemusdesign.com\/wp-content\/uploads\/2026\/03\/Staniec-Monika-architekt-wnetrz-realizacja-17-32x48.jpg 32w\" sizes=\"auto, (max-width: 683px) 100vw, 683px\" \/><\/figure>\n\n\n\n<div style=\"height:31px\" aria-hidden=\"true\" class=\"wp-block-spacer\"><\/div>\n\n\n\n<figure class=\"wp-block-image size-large\"><img alt=\"\" loading=\"lazy\" decoding=\"async\" width=\"683\" height=\"1024\" src=\"https:\/\/www.habemusdesign.com\/wp-content\/uploads\/2026\/03\/Staniec-Monika-architekt-wnetrz-realizacja-19-683x1024.jpg\" alt=\"\" class=\"wp-image-5967\" srcset=\"https:\/\/www.habemusdesign.com\/wp-content\/uploads\/2026\/03\/Staniec-Monika-architekt-wnetrz-realizacja-19-683x1024.jpg 683w, https:\/\/www.habemusdesign.com\/wp-content\/uploads\/2026\/03\/Staniec-Monika-architekt-wnetrz-realizacja-19-200x300.jpg 200w, https:\/\/www.habemusdesign.com\/wp-content\/uploads\/2026\/03\/Staniec-Monika-architekt-wnetrz-realizacja-19-100x150.jpg 100w, https:\/\/www.habemusdesign.com\/wp-content\/uploads\/2026\/03\/Staniec-Monika-architekt-wnetrz-realizacja-19-370x555.jpg 370w, https:\/\/www.habemusdesign.com\/wp-content\/uploads\/2026\/03\/Staniec-Monika-architekt-wnetrz-realizacja-19-20x30.jpg 20w, https:\/\/www.habemusdesign.com\/wp-content\/uploads\/2026\/03\/Staniec-Monika-architekt-wnetrz-realizacja-19-32x48.jpg 32w\" sizes=\"auto, (max-width: 683px) 100vw, 683px\" \/><\/figure>\n\n\n\n<div style=\"height:31px\" aria-hidden=\"true\" class=\"wp-block-spacer\"><\/div>\n\n\n\n<figure class=\"wp-block-gallery has-nested-images columns-default is-cropped wp-block-gallery-2 is-layout-flex wp-block-gallery-is-layout-flex\">\n<figure class=\"wp-block-image size-large\"><img alt=\"\" loading=\"lazy\" decoding=\"async\" width=\"683\" height=\"1024\" data-id=\"5981\" src=\"https:\/\/www.habemusdesign.com\/wp-content\/uploads\/2026\/03\/Staniec-Monika-architekt-wnetrz-realizacja-16-683x1024.jpg\" alt=\"\" class=\"wp-image-5981\" srcset=\"https:\/\/www.habemusdesign.com\/wp-content\/uploads\/2026\/03\/Staniec-Monika-architekt-wnetrz-realizacja-16-683x1024.jpg 683w, https:\/\/www.habemusdesign.com\/wp-content\/uploads\/2026\/03\/Staniec-Monika-architekt-wnetrz-realizacja-16-200x300.jpg 200w, https:\/\/www.habemusdesign.com\/wp-content\/uploads\/2026\/03\/Staniec-Monika-architekt-wnetrz-realizacja-16-100x150.jpg 100w, https:\/\/www.habemusdesign.com\/wp-content\/uploads\/2026\/03\/Staniec-Monika-architekt-wnetrz-realizacja-16-370x555.jpg 370w, https:\/\/www.habemusdesign.com\/wp-content\/uploads\/2026\/03\/Staniec-Monika-architekt-wnetrz-realizacja-16-20x30.jpg 20w, https:\/\/www.habemusdesign.com\/wp-content\/uploads\/2026\/03\/Staniec-Monika-architekt-wnetrz-realizacja-16-32x48.jpg 32w\" sizes=\"auto, (max-width: 683px) 100vw, 683px\" \/><\/figure>\n\n\n\n<figure class=\"wp-block-image size-large\"><img alt=\"\" loading=\"lazy\" decoding=\"async\" width=\"683\" height=\"1024\" data-id=\"5979\" src=\"https:\/\/www.habemusdesign.com\/wp-content\/uploads\/2026\/03\/Staniec-Monika-architekt-wnetrz-realizacja-18-683x1024.jpg\" alt=\"\" class=\"wp-image-5979\" srcset=\"https:\/\/www.habemusdesign.com\/wp-content\/uploads\/2026\/03\/Staniec-Monika-architekt-wnetrz-realizacja-18-683x1024.jpg 683w, https:\/\/www.habemusdesign.com\/wp-content\/uploads\/2026\/03\/Staniec-Monika-architekt-wnetrz-realizacja-18-200x300.jpg 200w, https:\/\/www.habemusdesign.com\/wp-content\/uploads\/2026\/03\/Staniec-Monika-architekt-wnetrz-realizacja-18-100x150.jpg 100w, https:\/\/www.habemusdesign.com\/wp-content\/uploads\/2026\/03\/Staniec-Monika-architekt-wnetrz-realizacja-18-370x555.jpg 370w, https:\/\/www.habemusdesign.com\/wp-content\/uploads\/2026\/03\/Staniec-Monika-architekt-wnetrz-realizacja-18-20x30.jpg 20w, https:\/\/www.habemusdesign.com\/wp-content\/uploads\/2026\/03\/Staniec-Monika-architekt-wnetrz-realizacja-18-32x48.jpg 32w\" sizes=\"auto, (max-width: 683px) 100vw, 683px\" \/><\/figure>\n<\/figure>\n\n\n\n<div style=\"height:31px\" aria-hidden=\"true\" class=\"wp-block-spacer\"><\/div>\n\n\n\n<p class=\"wp-block-paragraph\">La cucina, inserita in un piccolo open space, ha richiesto soluzioni particolarmente attente alla funzionalit\u00e0. La designer ha proposto un\u2019isola mobile che pu\u00f2 funzionare come piano di lavoro aggiuntivo, tavolo da pranzo o punto di incontro. La struttura in acciaio dell\u2019isola \u00e8 stata realizzata a mano dal proprietario dell\u2019appartamento, aggiungendo un dettaglio personale e artigianale all\u2019ambiente.<\/p>\n\n\n\n<div style=\"height:31px\" aria-hidden=\"true\" class=\"wp-block-spacer\"><\/div>\n\n\n\n<figure class=\"wp-block-image size-large\"><img alt=\"\" loading=\"lazy\" decoding=\"async\" width=\"1024\" height=\"683\" src=\"https:\/\/www.habemusdesign.com\/wp-content\/uploads\/2026\/03\/Staniec-Monika-architekt-wnetrz-realizacja-7-1024x683.jpg\" alt=\"\" class=\"wp-image-5969\" srcset=\"https:\/\/www.habemusdesign.com\/wp-content\/uploads\/2026\/03\/Staniec-Monika-architekt-wnetrz-realizacja-7-1024x683.jpg 1024w, https:\/\/www.habemusdesign.com\/wp-content\/uploads\/2026\/03\/Staniec-Monika-architekt-wnetrz-realizacja-7-300x200.jpg 300w, https:\/\/www.habemusdesign.com\/wp-content\/uploads\/2026\/03\/Staniec-Monika-architekt-wnetrz-realizacja-7-150x100.jpg 150w, https:\/\/www.habemusdesign.com\/wp-content\/uploads\/2026\/03\/Staniec-Monika-architekt-wnetrz-realizacja-7-768x512.jpg 768w, https:\/\/www.habemusdesign.com\/wp-content\/uploads\/2026\/03\/Staniec-Monika-architekt-wnetrz-realizacja-7-370x247.jpg 370w, https:\/\/www.habemusdesign.com\/wp-content\/uploads\/2026\/03\/Staniec-Monika-architekt-wnetrz-realizacja-7-800x533.jpg 800w, https:\/\/www.habemusdesign.com\/wp-content\/uploads\/2026\/03\/Staniec-Monika-architekt-wnetrz-realizacja-7-20x13.jpg 20w, https:\/\/www.habemusdesign.com\/wp-content\/uploads\/2026\/03\/Staniec-Monika-architekt-wnetrz-realizacja-7-740x493.jpg 740w, https:\/\/www.habemusdesign.com\/wp-content\/uploads\/2026\/03\/Staniec-Monika-architekt-wnetrz-realizacja-7-72x48.jpg 72w\" sizes=\"auto, (max-width: 1024px) 100vw, 1024px\" \/><\/figure>\n\n\n\n<p class=\"wp-block-paragraph\">Le piastrelle bordeaux della cucina sono abbinate a frontali blu-grigio, creando un contrasto cromatico forte ma equilibrato. A completare la composizione ci sono lampade vintage in vetro di Murano, trovate su un portale di aste online.<\/p>\n\n\n\n<p class=\"wp-block-paragraph\">All\u2019interno giocano un ruolo importante anche gli elementi di seconda mano. Tra questi, alcune credenze polacche degli anni del periodo communista, recuperate su aste vintage e integrate nel progetto. Oggetti con una storia che contribuiscono a rendere lo spazio pi\u00f9 autentico.<\/p>\n\n\n\n<div style=\"height:31px\" aria-hidden=\"true\" class=\"wp-block-spacer\"><\/div>\n\n\n\n<figure class=\"wp-block-image size-large\"><img alt=\"\" loading=\"lazy\" decoding=\"async\" width=\"683\" height=\"1024\" src=\"https:\/\/www.habemusdesign.com\/wp-content\/uploads\/2026\/03\/Staniec-Monika-architekt-wnetrz-realizacja-13-683x1024.jpg\" alt=\"\" class=\"wp-image-5971\" srcset=\"https:\/\/www.habemusdesign.com\/wp-content\/uploads\/2026\/03\/Staniec-Monika-architekt-wnetrz-realizacja-13-683x1024.jpg 683w, https:\/\/www.habemusdesign.com\/wp-content\/uploads\/2026\/03\/Staniec-Monika-architekt-wnetrz-realizacja-13-200x300.jpg 200w, https:\/\/www.habemusdesign.com\/wp-content\/uploads\/2026\/03\/Staniec-Monika-architekt-wnetrz-realizacja-13-100x150.jpg 100w, https:\/\/www.habemusdesign.com\/wp-content\/uploads\/2026\/03\/Staniec-Monika-architekt-wnetrz-realizacja-13-370x555.jpg 370w, https:\/\/www.habemusdesign.com\/wp-content\/uploads\/2026\/03\/Staniec-Monika-architekt-wnetrz-realizacja-13-20x30.jpg 20w, https:\/\/www.habemusdesign.com\/wp-content\/uploads\/2026\/03\/Staniec-Monika-architekt-wnetrz-realizacja-13-32x48.jpg 32w\" sizes=\"auto, (max-width: 683px) 100vw, 683px\" \/><\/figure>\n\n\n\n<div style=\"height:31px\" aria-hidden=\"true\" class=\"wp-block-spacer\"><\/div>\n\n\n\n<p class=\"wp-block-paragraph\">Le delicate modanature a parete organizzano visivamente gli ambienti e incorniciano i colori intensi dell\u2019arredamento. L\u2019atmosfera \u00e8 completata da carte da parati decorative e da tessili che introducono ulteriori livelli di texture.<\/p>\n\n\n\n<div style=\"height:31px\" aria-hidden=\"true\" class=\"wp-block-spacer\"><\/div>\n\n\n\n<figure class=\"wp-block-image size-large\"><img alt=\"\" loading=\"lazy\" decoding=\"async\" width=\"683\" height=\"1024\" src=\"https:\/\/www.habemusdesign.com\/wp-content\/uploads\/2026\/03\/Staniec-Monika-architekt-wnetrz-realizacja-15-683x1024.jpg\" alt=\"\" class=\"wp-image-5983\" srcset=\"https:\/\/www.habemusdesign.com\/wp-content\/uploads\/2026\/03\/Staniec-Monika-architekt-wnetrz-realizacja-15-683x1024.jpg 683w, https:\/\/www.habemusdesign.com\/wp-content\/uploads\/2026\/03\/Staniec-Monika-architekt-wnetrz-realizacja-15-200x300.jpg 200w, https:\/\/www.habemusdesign.com\/wp-content\/uploads\/2026\/03\/Staniec-Monika-architekt-wnetrz-realizacja-15-100x150.jpg 100w, https:\/\/www.habemusdesign.com\/wp-content\/uploads\/2026\/03\/Staniec-Monika-architekt-wnetrz-realizacja-15-370x555.jpg 370w, https:\/\/www.habemusdesign.com\/wp-content\/uploads\/2026\/03\/Staniec-Monika-architekt-wnetrz-realizacja-15-20x30.jpg 20w, https:\/\/www.habemusdesign.com\/wp-content\/uploads\/2026\/03\/Staniec-Monika-architekt-wnetrz-realizacja-15-32x48.jpg 32w\" sizes=\"auto, (max-width: 683px) 100vw, 683px\" \/><\/figure>\n\n\n\n<div style=\"height:31px\" aria-hidden=\"true\" class=\"wp-block-spacer\"><\/div>\n\n\n\n<p class=\"wp-block-paragraph\">L\u2019elemento pi\u00f9 spettacolare dell\u2019intero interno \u00e8 il kilim \u201cWac\u0142aw\u201d del <a href=\"https:\/\/www.habemusdesign.com\/it\/splot-la-tradizione-dell-artigianato-polacco-e-il-design-moderno\/\" type=\"link\" id=\"https:\/\/www.habemusdesign.com\/it\/splot-la-tradizione-dell-artigianato-polacco-e-il-design-moderno\/\" target=\"_blank\" rel=\"noreferrer noopener\">marchio SPLOT<\/a>. \u00c8 stato tessuto da artigiane che da decenni lavorano con tecniche tradizionali di tessitura. Il suo disegno forte e materico diventa il centro visivo della casa, unendo colori, materiali e ispirazioni in una composizione coerente.<\/p>\n\n\n\n<div style=\"height:31px\" aria-hidden=\"true\" class=\"wp-block-spacer\"><\/div>\n\n\n\n<figure class=\"wp-block-image size-large\"><img alt=\"\" loading=\"lazy\" decoding=\"async\" width=\"683\" height=\"1024\" src=\"https:\/\/www.habemusdesign.com\/wp-content\/uploads\/2026\/03\/Staniec-Monika-architekt-wnetrz-realizacja-3-683x1024.jpg\" alt=\"\" class=\"wp-image-5973\" srcset=\"https:\/\/www.habemusdesign.com\/wp-content\/uploads\/2026\/03\/Staniec-Monika-architekt-wnetrz-realizacja-3-683x1024.jpg 683w, https:\/\/www.habemusdesign.com\/wp-content\/uploads\/2026\/03\/Staniec-Monika-architekt-wnetrz-realizacja-3-200x300.jpg 200w, https:\/\/www.habemusdesign.com\/wp-content\/uploads\/2026\/03\/Staniec-Monika-architekt-wnetrz-realizacja-3-100x150.jpg 100w, https:\/\/www.habemusdesign.com\/wp-content\/uploads\/2026\/03\/Staniec-Monika-architekt-wnetrz-realizacja-3-370x555.jpg 370w, https:\/\/www.habemusdesign.com\/wp-content\/uploads\/2026\/03\/Staniec-Monika-architekt-wnetrz-realizacja-3-20x30.jpg 20w, https:\/\/www.habemusdesign.com\/wp-content\/uploads\/2026\/03\/Staniec-Monika-architekt-wnetrz-realizacja-3-32x48.jpg 32w\" sizes=\"auto, (max-width: 683px) 100vw, 683px\" \/><\/figure>\n\n\n\n<div style=\"height:31px\" aria-hidden=\"true\" class=\"wp-block-spacer\"><\/div>\n\n\n\n<figure class=\"wp-block-gallery has-nested-images columns-default is-cropped wp-block-gallery-3 is-layout-flex wp-block-gallery-is-layout-flex\">\n<figure class=\"wp-block-image size-large\"><img alt=\"\" loading=\"lazy\" decoding=\"async\" width=\"683\" height=\"1024\" data-id=\"5977\" src=\"https:\/\/www.habemusdesign.com\/wp-content\/uploads\/2026\/03\/Staniec-Monika-architekt-wnetrz-realizacja-2-683x1024.jpg\" alt=\"\" class=\"wp-image-5977\" srcset=\"https:\/\/www.habemusdesign.com\/wp-content\/uploads\/2026\/03\/Staniec-Monika-architekt-wnetrz-realizacja-2-683x1024.jpg 683w, https:\/\/www.habemusdesign.com\/wp-content\/uploads\/2026\/03\/Staniec-Monika-architekt-wnetrz-realizacja-2-200x300.jpg 200w, https:\/\/www.habemusdesign.com\/wp-content\/uploads\/2026\/03\/Staniec-Monika-architekt-wnetrz-realizacja-2-100x150.jpg 100w, https:\/\/www.habemusdesign.com\/wp-content\/uploads\/2026\/03\/Staniec-Monika-architekt-wnetrz-realizacja-2-370x555.jpg 370w, https:\/\/www.habemusdesign.com\/wp-content\/uploads\/2026\/03\/Staniec-Monika-architekt-wnetrz-realizacja-2-20x30.jpg 20w, https:\/\/www.habemusdesign.com\/wp-content\/uploads\/2026\/03\/Staniec-Monika-architekt-wnetrz-realizacja-2-32x48.jpg 32w\" sizes=\"auto, (max-width: 683px) 100vw, 683px\" \/><\/figure>\n\n\n\n<figure class=\"wp-block-image size-large\"><img alt=\"\" loading=\"lazy\" decoding=\"async\" width=\"683\" height=\"1024\" data-id=\"5975\" src=\"https:\/\/www.habemusdesign.com\/wp-content\/uploads\/2026\/03\/Staniec-Monika-architekt-wnetrz-realizacja-5-683x1024.jpg\" alt=\"\" class=\"wp-image-5975\" srcset=\"https:\/\/www.habemusdesign.com\/wp-content\/uploads\/2026\/03\/Staniec-Monika-architekt-wnetrz-realizacja-5-683x1024.jpg 683w, https:\/\/www.habemusdesign.com\/wp-content\/uploads\/2026\/03\/Staniec-Monika-architekt-wnetrz-realizacja-5-200x300.jpg 200w, https:\/\/www.habemusdesign.com\/wp-content\/uploads\/2026\/03\/Staniec-Monika-architekt-wnetrz-realizacja-5-100x150.jpg 100w, https:\/\/www.habemusdesign.com\/wp-content\/uploads\/2026\/03\/Staniec-Monika-architekt-wnetrz-realizacja-5-370x555.jpg 370w, https:\/\/www.habemusdesign.com\/wp-content\/uploads\/2026\/03\/Staniec-Monika-architekt-wnetrz-realizacja-5-20x30.jpg 20w, https:\/\/www.habemusdesign.com\/wp-content\/uploads\/2026\/03\/Staniec-Monika-architekt-wnetrz-realizacja-5-32x48.jpg 32w\" sizes=\"auto, (max-width: 683px) 100vw, 683px\" \/><\/figure>\n<\/figure>\n\n\n\n<div style=\"height:31px\" aria-hidden=\"true\" class=\"wp-block-spacer\"><\/div>\n\n\n\n<p class=\"wp-block-paragraph\">Il risultato \u00e8 un interno energico e profondamente personale, che dimostra come anche una superficie relativamente compatta possa trasformarsi in uno spazio ricco di carattere, memoria e identit\u00e0.<\/p>\n\n\n\n<p class=\"wp-block-paragraph\"><strong>Progetto: Monika Staniec Architekt Wn\u0119trz<\/strong><\/p>\n\n\n\n<p class=\"wp-block-paragraph\"><strong>Fot. Stanis\u0142aw Zaj\u0105czkowski<\/strong><\/p>\n\n\n\n<p class=\"wp-block-paragraph\"><strong>Styling: Ewa Jezierska<\/strong><\/p>\n\n\n\n<div style=\"height:31px\" aria-hidden=\"true\" class=\"wp-block-spacer\"><\/div>\n\n\n\n<p class=\"wp-block-paragraph\">Monika Staniec \u2013 architetta d\u2019interni, laureata presso l\u2019Accademia di Belle Arti di Breslavia. Da oltre 16 anni dirige il proprio studio, realizzando progetti per clienti privati e spazi di uso pubblico. Crea interni funzionali e curati nei dettagli, in cui comfort, sicurezza ed esigenze individuali dei clienti rappresentano elementi fondamentali. \u00c8 membro dell\u2019Associazione degli Architetti d\u2019Interni. Condivide attivamente conoscenze ed esperienza come autrice di podcast e conduce anche workshop per architetti d\u2019interni Let\u2019s Archi!<\/p>\n\n\n\n<div style=\"height:31px\" aria-hidden=\"true\" class=\"wp-block-spacer\"><\/div>\n\n\n\n<figure class=\"wp-block-image size-large\"><img alt=\"\" loading=\"lazy\" decoding=\"async\" width=\"683\" height=\"1024\" src=\"https:\/\/www.habemusdesign.com\/wp-content\/uploads\/2026\/03\/Staniec-Monika-portret-s-5-683x1024.jpg\" alt=\"\" class=\"wp-image-5987\" srcset=\"https:\/\/www.habemusdesign.com\/wp-content\/uploads\/2026\/03\/Staniec-Monika-portret-s-5-683x1024.jpg 683w, https:\/\/www.habemusdesign.com\/wp-content\/uploads\/2026\/03\/Staniec-Monika-portret-s-5-200x300.jpg 200w, https:\/\/www.habemusdesign.com\/wp-content\/uploads\/2026\/03\/Staniec-Monika-portret-s-5-100x150.jpg 100w, https:\/\/www.habemusdesign.com\/wp-content\/uploads\/2026\/03\/Staniec-Monika-portret-s-5-370x555.jpg 370w, https:\/\/www.habemusdesign.com\/wp-content\/uploads\/2026\/03\/Staniec-Monika-portret-s-5-20x30.jpg 20w, https:\/\/www.habemusdesign.com\/wp-content\/uploads\/2026\/03\/Staniec-Monika-portret-s-5-32x48.jpg 32w\" sizes=\"auto, (max-width: 683px) 100vw, 683px\" \/><\/figure>\n\n\n\n<div style=\"height:100px\" aria-hidden=\"true\" class=\"wp-block-spacer\"><\/div>\n","protected":false},"excerpt":{"rendered":"<p>Questo appartamento di 60 metri quadrati a Legnica in sud-ovest Polonia \u00e8 stato progettato per una giovane coppia che fin dall\u2019inizio aveva un\u2019idea molto chiara: la loro casa doveva essere audace, personale e diversa dalla maggior parte degli interni contemporanei. Al posto di palette neutre e minimalismo, qui dominano il colore, l\u2019eclettismo e le ispirazioni&hellip;<\/p>\n","protected":false},"author":2,"featured_media":5954,"comment_status":"closed","ping_status":"closed","sticky":false,"template":"","format":"standard","meta":{"_seopress_titles_title":"","_seopress_titles_desc":"Questo appartamento di 60 metri quadrati a Legnica in sud-ovest Polonia \u00e8 stato progettato per una giovane coppia che fin dall\u2019inizio aveva","_seopress_robots_index":"","_seopress_robots_follow":"","_seopress_robots_imageindex":"","_seopress_robots_snippet":"","_seopress_robots_primary_cat":"0","_seopress_robots_breadcrumbs":"","_seopress_robots_freeze_modified_date":"","_seopress_robots_custom_modified_date":"","_seopress_robots_canonical":"","_seopress_social_fb_title":"","_seopress_social_fb_desc":"","_seopress_social_fb_img":"","_seopress_social_fb_img_attachment_id":0,"_seopress_social_fb_img_width":0,"_seopress_social_fb_img_height":0,"_seopress_social_twitter_title":"","_seopress_social_twitter_desc":"","_seopress_social_twitter_img":"","_seopress_social_twitter_img_attachment_id":0,"_seopress_social_twitter_img_width":0,"_seopress_social_twitter_img_height":0,"_seopress_redirections_value":"","_seopress_redirections_enabled":"","_seopress_redirections_enabled_regex":"","_seopress_redirections_logged_status":"","_seopress_redirections_param":"","_seopress_redirections_type":0,"_seopress_analysis_target_kw":"Progetto interior folk. Tra tradizione slava, colore ed eclettismo","footnotes":""},"categories":[83],"tags":[369,249],"thb-sponsors":[],"class_list":["post-5990","post","type-post","status-publish","format-standard","has-post-thumbnail","hentry","category-progetti","tag-made-in-poland","tag-polski-design-it"],"_links":{"self":[{"href":"https:\/\/www.habemusdesign.com\/it\/wp-json\/wp\/v2\/posts\/5990","targetHints":{"allow":["GET"]}}],"collection":[{"href":"https:\/\/www.habemusdesign.com\/it\/wp-json\/wp\/v2\/posts"}],"about":[{"href":"https:\/\/www.habemusdesign.com\/it\/wp-json\/wp\/v2\/types\/post"}],"author":[{"embeddable":true,"href":"https:\/\/www.habemusdesign.com\/it\/wp-json\/wp\/v2\/users\/2"}],"replies":[{"embeddable":true,"href":"https:\/\/www.habemusdesign.com\/it\/wp-json\/wp\/v2\/comments?post=5990"}],"version-history":[{"count":1,"href":"https:\/\/www.habemusdesign.com\/it\/wp-json\/wp\/v2\/posts\/5990\/revisions"}],"predecessor-version":[{"id":5991,"href":"https:\/\/www.habemusdesign.com\/it\/wp-json\/wp\/v2\/posts\/5990\/revisions\/5991"}],"wp:featuredmedia":[{"embeddable":true,"href":"https:\/\/www.habemusdesign.com\/it\/wp-json\/wp\/v2\/media\/5954"}],"wp:attachment":[{"href":"https:\/\/www.habemusdesign.com\/it\/wp-json\/wp\/v2\/media?parent=5990"}],"wp:term":[{"taxonomy":"category","embeddable":true,"href":"https:\/\/www.habemusdesign.com\/it\/wp-json\/wp\/v2\/categories?post=5990"},{"taxonomy":"post_tag","embeddable":true,"href":"https:\/\/www.habemusdesign.com\/it\/wp-json\/wp\/v2\/tags?post=5990"},{"taxonomy":"thb-sponsors","embeddable":true,"href":"https:\/\/www.habemusdesign.com\/it\/wp-json\/wp\/v2\/thb-sponsors?post=5990"}],"curies":[{"name":"wp","href":"https:\/\/api.w.org\/{rel}","templated":true}]}}