{"id":5909,"date":"2026-03-04T10:36:59","date_gmt":"2026-03-04T09:36:59","guid":{"rendered":"https:\/\/www.habemusdesign.com\/?p=5909"},"modified":"2026-03-04T13:49:06","modified_gmt":"2026-03-04T12:49:06","slug":"edge-del-bronzetto-riceve-la-menzione-donore-al-19-annual-international-design-awards","status":"publish","type":"post","link":"https:\/\/www.habemusdesign.com\/it\/edge-del-bronzetto-riceve-la-menzione-donore-al-19-annual-international-design-awards\/","title":{"rendered":"EDGE di Bronzetto riceve la menzione d\u2019onore al 19\u00b0 Annual International Design Awards"},"content":{"rendered":"\n<p class=\"wp-block-paragraph\"><strong>La maniglia per porte EDGE, progettata dallo studio londinese OmniDe e realizzata dal Bronzetto, ha ricevuto una Menzione d\u2019Onore alla 19\u00aa edizione degli International Design Awards, uno dei riconoscimenti internazionali pi\u00f9 autorevoli nel panorama del design contemporaneo.&nbsp;<\/strong><\/p>\n\n\n\n<p class=\"wp-block-paragraph\">La nuova maniglia per porte progettata da OmniDe, studio di architettura ed interior con base londinese: un oggetto che trasforma un elemento d\u2019uso quotidiano in un segno architettonico dal forte valore estetico. Una presa che nasce dall\u2019incontro tra ricerca scultorea, sperimentazione materica e funzionalit\u00e0 contemporanea. Una maniglia che diventa una microarchitettura capace di dialogare con la luce e con gli spazi.<\/p>\n\n\n\n<div style=\"height:30px\" aria-hidden=\"true\" class=\"wp-block-spacer\"><\/div>\n\n\n\n<figure class=\"wp-block-gallery has-nested-images columns-default is-cropped wp-block-gallery-1 is-layout-flex wp-block-gallery-is-layout-flex\">\n<figure class=\"wp-block-image size-large\"><img alt=\"\" loading=\"lazy\" decoding=\"async\" width=\"726\" height=\"1024\" data-id=\"5890\" src=\"https:\/\/www.habemusdesign.com\/wp-content\/uploads\/2026\/03\/Il-Bronzetto-_-Maniglia-EDGE-_-3d-print-model-726x1024.jpg\" alt=\"\" class=\"wp-image-5890\" srcset=\"https:\/\/www.habemusdesign.com\/wp-content\/uploads\/2026\/03\/Il-Bronzetto-_-Maniglia-EDGE-_-3d-print-model-726x1024.jpg 726w, https:\/\/www.habemusdesign.com\/wp-content\/uploads\/2026\/03\/Il-Bronzetto-_-Maniglia-EDGE-_-3d-print-model-213x300.jpg 213w, https:\/\/www.habemusdesign.com\/wp-content\/uploads\/2026\/03\/Il-Bronzetto-_-Maniglia-EDGE-_-3d-print-model-106x150.jpg 106w, https:\/\/www.habemusdesign.com\/wp-content\/uploads\/2026\/03\/Il-Bronzetto-_-Maniglia-EDGE-_-3d-print-model-370x522.jpg 370w, https:\/\/www.habemusdesign.com\/wp-content\/uploads\/2026\/03\/Il-Bronzetto-_-Maniglia-EDGE-_-3d-print-model-20x28.jpg 20w, https:\/\/www.habemusdesign.com\/wp-content\/uploads\/2026\/03\/Il-Bronzetto-_-Maniglia-EDGE-_-3d-print-model-34x48.jpg 34w\" sizes=\"auto, (max-width: 726px) 100vw, 726px\" \/><\/figure>\n\n\n\n<figure class=\"wp-block-image size-large\"><img alt=\"\" loading=\"lazy\" decoding=\"async\" width=\"768\" height=\"1024\" data-id=\"5888\" src=\"https:\/\/www.habemusdesign.com\/wp-content\/uploads\/2026\/03\/Il-Bronzetto-_-Maniglia-EDGE-_-3d-print-models-768x1024.jpg\" alt=\"\" class=\"wp-image-5888\" srcset=\"https:\/\/www.habemusdesign.com\/wp-content\/uploads\/2026\/03\/Il-Bronzetto-_-Maniglia-EDGE-_-3d-print-models-768x1024.jpg 768w, https:\/\/www.habemusdesign.com\/wp-content\/uploads\/2026\/03\/Il-Bronzetto-_-Maniglia-EDGE-_-3d-print-models-225x300.jpg 225w, https:\/\/www.habemusdesign.com\/wp-content\/uploads\/2026\/03\/Il-Bronzetto-_-Maniglia-EDGE-_-3d-print-models-113x150.jpg 113w, https:\/\/www.habemusdesign.com\/wp-content\/uploads\/2026\/03\/Il-Bronzetto-_-Maniglia-EDGE-_-3d-print-models-370x493.jpg 370w, https:\/\/www.habemusdesign.com\/wp-content\/uploads\/2026\/03\/Il-Bronzetto-_-Maniglia-EDGE-_-3d-print-models-740x986.jpg 740w, https:\/\/www.habemusdesign.com\/wp-content\/uploads\/2026\/03\/Il-Bronzetto-_-Maniglia-EDGE-_-3d-print-models-20x27.jpg 20w, https:\/\/www.habemusdesign.com\/wp-content\/uploads\/2026\/03\/Il-Bronzetto-_-Maniglia-EDGE-_-3d-print-models-36x48.jpg 36w\" sizes=\"auto, (max-width: 768px) 100vw, 768px\" \/><\/figure>\n<\/figure>\n\n\n\n<div style=\"height:30px\" aria-hidden=\"true\" class=\"wp-block-spacer\"><\/div>\n\n\n\n<p class=\"wp-block-paragraph\">Il concept di EDGE prende forma dall\u2019osservazione delle geometrie nette e dei volumi puri tipici dell\u2019architettura contemporanea. Lo studio di OmniDe ha esplorato linee spigolose, tagli di luce e superfici che percepiti in modo diversi a seconda del punto di vista, danno vita a un oggetto dalla forte identit\u00e0 materica.<\/p>\n\n\n\n<p class=\"wp-block-paragraph\">Attraverso una prototipazione iterativa, il team ha affinato proporzioni, ergonomia e resistenza, ottenendo un equilibrio impeccabile tra estetica audace e uso quotidiano.<\/p>\n\n\n\n<div style=\"height:30px\" aria-hidden=\"true\" class=\"wp-block-spacer\"><\/div>\n\n\n\n<figure class=\"wp-block-gallery has-nested-images columns-default is-cropped wp-block-gallery-2 is-layout-flex wp-block-gallery-is-layout-flex\">\n<figure class=\"wp-block-image size-large\"><img alt=\"\" loading=\"lazy\" decoding=\"async\" width=\"1024\" height=\"499\" data-id=\"5896\" src=\"https:\/\/www.habemusdesign.com\/wp-content\/uploads\/2026\/03\/Il-Bronzetto-_-Maniglia-EDGE-_-amber-brass-finish.jpg\" alt=\"\" class=\"wp-image-5896\" srcset=\"https:\/\/www.habemusdesign.com\/wp-content\/uploads\/2026\/03\/Il-Bronzetto-_-Maniglia-EDGE-_-amber-brass-finish.jpg 1024w, https:\/\/www.habemusdesign.com\/wp-content\/uploads\/2026\/03\/Il-Bronzetto-_-Maniglia-EDGE-_-amber-brass-finish-300x146.jpg 300w, https:\/\/www.habemusdesign.com\/wp-content\/uploads\/2026\/03\/Il-Bronzetto-_-Maniglia-EDGE-_-amber-brass-finish-150x73.jpg 150w, https:\/\/www.habemusdesign.com\/wp-content\/uploads\/2026\/03\/Il-Bronzetto-_-Maniglia-EDGE-_-amber-brass-finish-768x374.jpg 768w, https:\/\/www.habemusdesign.com\/wp-content\/uploads\/2026\/03\/Il-Bronzetto-_-Maniglia-EDGE-_-amber-brass-finish-370x180.jpg 370w, https:\/\/www.habemusdesign.com\/wp-content\/uploads\/2026\/03\/Il-Bronzetto-_-Maniglia-EDGE-_-amber-brass-finish-800x390.jpg 800w, https:\/\/www.habemusdesign.com\/wp-content\/uploads\/2026\/03\/Il-Bronzetto-_-Maniglia-EDGE-_-amber-brass-finish-740x361.jpg 740w, https:\/\/www.habemusdesign.com\/wp-content\/uploads\/2026\/03\/Il-Bronzetto-_-Maniglia-EDGE-_-amber-brass-finish-20x10.jpg 20w, https:\/\/www.habemusdesign.com\/wp-content\/uploads\/2026\/03\/Il-Bronzetto-_-Maniglia-EDGE-_-amber-brass-finish-99x48.jpg 99w\" sizes=\"auto, (max-width: 1024px) 100vw, 1024px\" \/><\/figure>\n\n\n\n<figure class=\"wp-block-image size-large\"><img alt=\"\" loading=\"lazy\" decoding=\"async\" width=\"1024\" height=\"715\" data-id=\"5892\" src=\"https:\/\/www.habemusdesign.com\/wp-content\/uploads\/2026\/03\/Il-Bronzetto-_-Maniglia-EDGE-_-black-nickel-finish.jpg\" alt=\"\" class=\"wp-image-5892\" srcset=\"https:\/\/www.habemusdesign.com\/wp-content\/uploads\/2026\/03\/Il-Bronzetto-_-Maniglia-EDGE-_-black-nickel-finish.jpg 1024w, https:\/\/www.habemusdesign.com\/wp-content\/uploads\/2026\/03\/Il-Bronzetto-_-Maniglia-EDGE-_-black-nickel-finish-300x209.jpg 300w, https:\/\/www.habemusdesign.com\/wp-content\/uploads\/2026\/03\/Il-Bronzetto-_-Maniglia-EDGE-_-black-nickel-finish-150x105.jpg 150w, https:\/\/www.habemusdesign.com\/wp-content\/uploads\/2026\/03\/Il-Bronzetto-_-Maniglia-EDGE-_-black-nickel-finish-768x536.jpg 768w, https:\/\/www.habemusdesign.com\/wp-content\/uploads\/2026\/03\/Il-Bronzetto-_-Maniglia-EDGE-_-black-nickel-finish-370x258.jpg 370w, https:\/\/www.habemusdesign.com\/wp-content\/uploads\/2026\/03\/Il-Bronzetto-_-Maniglia-EDGE-_-black-nickel-finish-800x559.jpg 800w, https:\/\/www.habemusdesign.com\/wp-content\/uploads\/2026\/03\/Il-Bronzetto-_-Maniglia-EDGE-_-black-nickel-finish-740x517.jpg 740w, https:\/\/www.habemusdesign.com\/wp-content\/uploads\/2026\/03\/Il-Bronzetto-_-Maniglia-EDGE-_-black-nickel-finish-20x14.jpg 20w, https:\/\/www.habemusdesign.com\/wp-content\/uploads\/2026\/03\/Il-Bronzetto-_-Maniglia-EDGE-_-black-nickel-finish-69x48.jpg 69w\" sizes=\"auto, (max-width: 1024px) 100vw, 1024px\" \/><\/figure>\n\n\n\n<figure class=\"wp-block-image size-large\"><img alt=\"\" loading=\"lazy\" decoding=\"async\" width=\"1024\" height=\"500\" data-id=\"5898\" src=\"https:\/\/www.habemusdesign.com\/wp-content\/uploads\/2026\/03\/Il-Bronzetto-_-Maniglia-EDGE-_-black-wax-finish.jpg\" alt=\"\" class=\"wp-image-5898\" srcset=\"https:\/\/www.habemusdesign.com\/wp-content\/uploads\/2026\/03\/Il-Bronzetto-_-Maniglia-EDGE-_-black-wax-finish.jpg 1024w, https:\/\/www.habemusdesign.com\/wp-content\/uploads\/2026\/03\/Il-Bronzetto-_-Maniglia-EDGE-_-black-wax-finish-300x146.jpg 300w, https:\/\/www.habemusdesign.com\/wp-content\/uploads\/2026\/03\/Il-Bronzetto-_-Maniglia-EDGE-_-black-wax-finish-150x73.jpg 150w, https:\/\/www.habemusdesign.com\/wp-content\/uploads\/2026\/03\/Il-Bronzetto-_-Maniglia-EDGE-_-black-wax-finish-768x375.jpg 768w, https:\/\/www.habemusdesign.com\/wp-content\/uploads\/2026\/03\/Il-Bronzetto-_-Maniglia-EDGE-_-black-wax-finish-370x181.jpg 370w, https:\/\/www.habemusdesign.com\/wp-content\/uploads\/2026\/03\/Il-Bronzetto-_-Maniglia-EDGE-_-black-wax-finish-800x391.jpg 800w, https:\/\/www.habemusdesign.com\/wp-content\/uploads\/2026\/03\/Il-Bronzetto-_-Maniglia-EDGE-_-black-wax-finish-740x361.jpg 740w, https:\/\/www.habemusdesign.com\/wp-content\/uploads\/2026\/03\/Il-Bronzetto-_-Maniglia-EDGE-_-black-wax-finish-20x10.jpg 20w, https:\/\/www.habemusdesign.com\/wp-content\/uploads\/2026\/03\/Il-Bronzetto-_-Maniglia-EDGE-_-black-wax-finish-98x48.jpg 98w\" sizes=\"auto, (max-width: 1024px) 100vw, 1024px\" \/><\/figure>\n\n\n\n<figure class=\"wp-block-image size-large\"><img alt=\"\" loading=\"lazy\" decoding=\"async\" width=\"1024\" height=\"500\" data-id=\"5894\" src=\"https:\/\/www.habemusdesign.com\/wp-content\/uploads\/2026\/03\/Il-Bronzetto-_-Maniglia-EDGE-_-copper-finish.jpg\" alt=\"\" class=\"wp-image-5894\" srcset=\"https:\/\/www.habemusdesign.com\/wp-content\/uploads\/2026\/03\/Il-Bronzetto-_-Maniglia-EDGE-_-copper-finish.jpg 1024w, https:\/\/www.habemusdesign.com\/wp-content\/uploads\/2026\/03\/Il-Bronzetto-_-Maniglia-EDGE-_-copper-finish-300x146.jpg 300w, https:\/\/www.habemusdesign.com\/wp-content\/uploads\/2026\/03\/Il-Bronzetto-_-Maniglia-EDGE-_-copper-finish-150x73.jpg 150w, https:\/\/www.habemusdesign.com\/wp-content\/uploads\/2026\/03\/Il-Bronzetto-_-Maniglia-EDGE-_-copper-finish-768x375.jpg 768w, https:\/\/www.habemusdesign.com\/wp-content\/uploads\/2026\/03\/Il-Bronzetto-_-Maniglia-EDGE-_-copper-finish-370x181.jpg 370w, https:\/\/www.habemusdesign.com\/wp-content\/uploads\/2026\/03\/Il-Bronzetto-_-Maniglia-EDGE-_-copper-finish-800x391.jpg 800w, https:\/\/www.habemusdesign.com\/wp-content\/uploads\/2026\/03\/Il-Bronzetto-_-Maniglia-EDGE-_-copper-finish-740x361.jpg 740w, https:\/\/www.habemusdesign.com\/wp-content\/uploads\/2026\/03\/Il-Bronzetto-_-Maniglia-EDGE-_-copper-finish-20x10.jpg 20w, https:\/\/www.habemusdesign.com\/wp-content\/uploads\/2026\/03\/Il-Bronzetto-_-Maniglia-EDGE-_-copper-finish-98x48.jpg 98w\" sizes=\"auto, (max-width: 1024px) 100vw, 1024px\" \/><\/figure>\n<\/figure>\n\n\n\n<div style=\"height:30px\" aria-hidden=\"true\" class=\"wp-block-spacer\"><\/div>\n\n\n\n<p class=\"wp-block-paragraph\">EDGE si inserisce in modo naturale in contesti diversi: dalle residenze pi\u00f9 essenziali agli interni di pregio, dagli spazi hospitality agli uffici di rappresentanza.<\/p>\n\n\n\n<p class=\"wp-block-paragraph\">La sua geometria sfaccettata cattura la luce e genera un\u2019inaspettata profondit\u00e0 visiva, trasformando la porta in un elemento architettonico. Grazie alle numerose finiture\u2014dal nichel spazzolato al bronzo, dal cromo satinato alle varianti oro\u2014la maniglia diventa un dettaglio versatile che si integra o si mette in risalto a seconda del progetto.<\/p>\n\n\n\n<div style=\"height:30px\" aria-hidden=\"true\" class=\"wp-block-spacer\"><\/div>\n\n\n\n<figure class=\"wp-block-gallery has-nested-images columns-default is-cropped wp-block-gallery-3 is-layout-flex wp-block-gallery-is-layout-flex\">\n<figure class=\"wp-block-image size-large\"><img alt=\"\" loading=\"lazy\" decoding=\"async\" width=\"1024\" height=\"1024\" data-id=\"5900\" src=\"https:\/\/www.habemusdesign.com\/wp-content\/uploads\/2026\/03\/Il-Bronzetto-_-Maniglia-EDGE-02.jpg\" alt=\"\" class=\"wp-image-5900\" srcset=\"https:\/\/www.habemusdesign.com\/wp-content\/uploads\/2026\/03\/Il-Bronzetto-_-Maniglia-EDGE-02.jpg 1024w, https:\/\/www.habemusdesign.com\/wp-content\/uploads\/2026\/03\/Il-Bronzetto-_-Maniglia-EDGE-02-300x300.jpg 300w, https:\/\/www.habemusdesign.com\/wp-content\/uploads\/2026\/03\/Il-Bronzetto-_-Maniglia-EDGE-02-150x150.jpg 150w, https:\/\/www.habemusdesign.com\/wp-content\/uploads\/2026\/03\/Il-Bronzetto-_-Maniglia-EDGE-02-768x768.jpg 768w, https:\/\/www.habemusdesign.com\/wp-content\/uploads\/2026\/03\/Il-Bronzetto-_-Maniglia-EDGE-02-180x180.jpg 180w, https:\/\/www.habemusdesign.com\/wp-content\/uploads\/2026\/03\/Il-Bronzetto-_-Maniglia-EDGE-02-90x90.jpg 90w, https:\/\/www.habemusdesign.com\/wp-content\/uploads\/2026\/03\/Il-Bronzetto-_-Maniglia-EDGE-02-370x370.jpg 370w, https:\/\/www.habemusdesign.com\/wp-content\/uploads\/2026\/03\/Il-Bronzetto-_-Maniglia-EDGE-02-800x800.jpg 800w, https:\/\/www.habemusdesign.com\/wp-content\/uploads\/2026\/03\/Il-Bronzetto-_-Maniglia-EDGE-02-20x20.jpg 20w, https:\/\/www.habemusdesign.com\/wp-content\/uploads\/2026\/03\/Il-Bronzetto-_-Maniglia-EDGE-02-740x740.jpg 740w, https:\/\/www.habemusdesign.com\/wp-content\/uploads\/2026\/03\/Il-Bronzetto-_-Maniglia-EDGE-02-48x48.jpg 48w\" sizes=\"auto, (max-width: 1024px) 100vw, 1024px\" \/><\/figure>\n\n\n\n<figure class=\"wp-block-image size-large\"><img alt=\"\" loading=\"lazy\" decoding=\"async\" width=\"1024\" height=\"1024\" data-id=\"5902\" src=\"https:\/\/www.habemusdesign.com\/wp-content\/uploads\/2026\/03\/Il-Bronzetto-_-Maniglia-EDGE-04.jpg\" alt=\"\" class=\"wp-image-5902\" srcset=\"https:\/\/www.habemusdesign.com\/wp-content\/uploads\/2026\/03\/Il-Bronzetto-_-Maniglia-EDGE-04.jpg 1024w, https:\/\/www.habemusdesign.com\/wp-content\/uploads\/2026\/03\/Il-Bronzetto-_-Maniglia-EDGE-04-300x300.jpg 300w, https:\/\/www.habemusdesign.com\/wp-content\/uploads\/2026\/03\/Il-Bronzetto-_-Maniglia-EDGE-04-150x150.jpg 150w, https:\/\/www.habemusdesign.com\/wp-content\/uploads\/2026\/03\/Il-Bronzetto-_-Maniglia-EDGE-04-768x768.jpg 768w, https:\/\/www.habemusdesign.com\/wp-content\/uploads\/2026\/03\/Il-Bronzetto-_-Maniglia-EDGE-04-180x180.jpg 180w, https:\/\/www.habemusdesign.com\/wp-content\/uploads\/2026\/03\/Il-Bronzetto-_-Maniglia-EDGE-04-90x90.jpg 90w, https:\/\/www.habemusdesign.com\/wp-content\/uploads\/2026\/03\/Il-Bronzetto-_-Maniglia-EDGE-04-370x370.jpg 370w, https:\/\/www.habemusdesign.com\/wp-content\/uploads\/2026\/03\/Il-Bronzetto-_-Maniglia-EDGE-04-800x800.jpg 800w, https:\/\/www.habemusdesign.com\/wp-content\/uploads\/2026\/03\/Il-Bronzetto-_-Maniglia-EDGE-04-20x20.jpg 20w, https:\/\/www.habemusdesign.com\/wp-content\/uploads\/2026\/03\/Il-Bronzetto-_-Maniglia-EDGE-04-740x740.jpg 740w, https:\/\/www.habemusdesign.com\/wp-content\/uploads\/2026\/03\/Il-Bronzetto-_-Maniglia-EDGE-04-48x48.jpg 48w\" sizes=\"auto, (max-width: 1024px) 100vw, 1024px\" \/><\/figure>\n\n\n\n<figure class=\"wp-block-image size-large\"><img alt=\"\" loading=\"lazy\" decoding=\"async\" width=\"1024\" height=\"707\" data-id=\"5901\" src=\"https:\/\/www.habemusdesign.com\/wp-content\/uploads\/2026\/03\/Il-Bronzetto-_-Maniglia-EDGE-finishes.jpg\" alt=\"\" class=\"wp-image-5901\" srcset=\"https:\/\/www.habemusdesign.com\/wp-content\/uploads\/2026\/03\/Il-Bronzetto-_-Maniglia-EDGE-finishes.jpg 1024w, https:\/\/www.habemusdesign.com\/wp-content\/uploads\/2026\/03\/Il-Bronzetto-_-Maniglia-EDGE-finishes-300x207.jpg 300w, https:\/\/www.habemusdesign.com\/wp-content\/uploads\/2026\/03\/Il-Bronzetto-_-Maniglia-EDGE-finishes-150x104.jpg 150w, https:\/\/www.habemusdesign.com\/wp-content\/uploads\/2026\/03\/Il-Bronzetto-_-Maniglia-EDGE-finishes-768x530.jpg 768w, https:\/\/www.habemusdesign.com\/wp-content\/uploads\/2026\/03\/Il-Bronzetto-_-Maniglia-EDGE-finishes-370x255.jpg 370w, https:\/\/www.habemusdesign.com\/wp-content\/uploads\/2026\/03\/Il-Bronzetto-_-Maniglia-EDGE-finishes-800x552.jpg 800w, https:\/\/www.habemusdesign.com\/wp-content\/uploads\/2026\/03\/Il-Bronzetto-_-Maniglia-EDGE-finishes-740x511.jpg 740w, https:\/\/www.habemusdesign.com\/wp-content\/uploads\/2026\/03\/Il-Bronzetto-_-Maniglia-EDGE-finishes-20x14.jpg 20w, https:\/\/www.habemusdesign.com\/wp-content\/uploads\/2026\/03\/Il-Bronzetto-_-Maniglia-EDGE-finishes-70x48.jpg 70w\" sizes=\"auto, (max-width: 1024px) 100vw, 1024px\" \/><\/figure>\n<\/figure>\n\n\n\n<div style=\"height:30px\" aria-hidden=\"true\" class=\"wp-block-spacer\"><\/div>\n\n\n\n<p class=\"wp-block-paragraph\">Da sempre, Il Bronzetto privilegia la sostenibilit\u00e0 concentrandosi su durabilit\u00e0 dei propri prodotti, responsabilit\u00e0 nell\u2019utilizzo dei materiali e un design senza tempo. Realizzata con metalli di alta qualit\u00e0 come nichel e ottone, materiali longevi e completamente rigenerabili, EDGE assicura una durata che sfida il tempo, riducendo la necessit\u00e0 di sostituzioni frequenti e minimizzando gli sprechi nel tempo. La cura artigianale nella lavorazione e la precisione del processo di produzione enfatizzano precisione e qualit\u00e0 per evitare l&#8217;eccesso di materiale, mentre il design architettonico consente al prodotto di rimanere attuale nel corso dei decenni, riducendo l&#8217;impatto ambientale associato alle tendenze o ai cicli di prodotto a breve termine.<\/p>\n\n\n\n<p class=\"wp-block-paragraph\">La filosofia \u201cMulti-Finish\u201d consente un\u2019ampia personalizzazione senza la necessit\u00e0 di nuove produzioni, favorendo un approccio pi\u00f9 responsabile al design e alla cura degli interni.<\/p>\n\n\n\n<div style=\"height:30px\" aria-hidden=\"true\" class=\"wp-block-spacer\"><\/div>\n\n\n\n<figure class=\"wp-block-image size-full\"><img alt=\"\" loading=\"lazy\" decoding=\"async\" width=\"1024\" height=\"699\" src=\"https:\/\/www.habemusdesign.com\/wp-content\/uploads\/2026\/03\/Il-Bronzetto-_-Maniglia-EDGE-sketch.jpg\" alt=\"\" class=\"wp-image-5906\" srcset=\"https:\/\/www.habemusdesign.com\/wp-content\/uploads\/2026\/03\/Il-Bronzetto-_-Maniglia-EDGE-sketch.jpg 1024w, https:\/\/www.habemusdesign.com\/wp-content\/uploads\/2026\/03\/Il-Bronzetto-_-Maniglia-EDGE-sketch-300x205.jpg 300w, https:\/\/www.habemusdesign.com\/wp-content\/uploads\/2026\/03\/Il-Bronzetto-_-Maniglia-EDGE-sketch-150x102.jpg 150w, https:\/\/www.habemusdesign.com\/wp-content\/uploads\/2026\/03\/Il-Bronzetto-_-Maniglia-EDGE-sketch-768x524.jpg 768w, https:\/\/www.habemusdesign.com\/wp-content\/uploads\/2026\/03\/Il-Bronzetto-_-Maniglia-EDGE-sketch-370x253.jpg 370w, https:\/\/www.habemusdesign.com\/wp-content\/uploads\/2026\/03\/Il-Bronzetto-_-Maniglia-EDGE-sketch-800x546.jpg 800w, https:\/\/www.habemusdesign.com\/wp-content\/uploads\/2026\/03\/Il-Bronzetto-_-Maniglia-EDGE-sketch-740x505.jpg 740w, https:\/\/www.habemusdesign.com\/wp-content\/uploads\/2026\/03\/Il-Bronzetto-_-Maniglia-EDGE-sketch-20x14.jpg 20w, https:\/\/www.habemusdesign.com\/wp-content\/uploads\/2026\/03\/Il-Bronzetto-_-Maniglia-EDGE-sketch-70x48.jpg 70w\" sizes=\"auto, (max-width: 1024px) 100vw, 1024px\" \/><\/figure>\n\n\n\n<div style=\"height:30px\" aria-hidden=\"true\" class=\"wp-block-spacer\"><\/div>\n\n\n\n<p class=\"wp-block-paragraph\">Brand: Il Bronzetto<\/p>\n\n\n\n<p class=\"wp-block-paragraph\">Design: OmniDe Architecture Studio (https:\/\/www.omnide.com\/)<\/p>\n\n\n\n<p class=\"wp-block-paragraph\">Materiali: Ottone di alta qualit\u00e0 (corpo principale)<\/p>\n\n\n\n<p class=\"wp-block-paragraph\">Finiture disponibili: Brunitura scura \/ Ambra \/ Naturale \/ Cera nera \/ Nichel<\/p>\n\n\n\n<p class=\"wp-block-paragraph\">Finiture speciali: su richiesta<\/p>\n\n\n\n<p class=\"wp-block-paragraph\">Realizzata a mano in Italia<\/p>\n\n\n\n<p class=\"wp-block-paragraph\">Adatta a porte o finestre (versioni dedicate).<\/p>\n\n\n\n<p class=\"wp-block-paragraph\"><strong>Raffaele Oppido,<\/strong> co-fondatore e direttore creativo di <strong>OmniDe<\/strong>. Dopo esperienze in studi internazionali come Arup Associates, Arup Sport, Rafael Vi\u00f1oly e Atkins a Londra, Oppido fonda OmniDe nel 2013 insieme a Ivan Lazzaroni. Il suo approccio coniuga rigore progettuale, attenzione ai materiali e una ricerca costante di soluzioni innovative tanto in ambito residenziale quanto commerciale.<\/p>\n","protected":false},"excerpt":{"rendered":"<p>La maniglia per porte EDGE, progettata dallo studio londinese OmniDe e realizzata dal Bronzetto, ha ricevuto una Menzione d\u2019Onore alla 19\u00aa edizione degli International Design Awards, uno dei riconoscimenti internazionali pi\u00f9 autorevoli nel panorama del design contemporaneo.&nbsp; La nuova maniglia per porte progettata da OmniDe, studio di architettura ed interior con base londinese: un oggetto&hellip;<\/p>\n","protected":false},"author":1,"featured_media":5887,"comment_status":"closed","ping_status":"closed","sticky":false,"template":"","format":"standard","meta":{"_seopress_titles_title":"","_seopress_titles_desc":"La maniglia per porte EDGE, progettata dallo studio londinese OmniDe e realizzata dal Bronzetto, ha ricevuto una Menzione d\u2019Onore","_seopress_robots_index":"","_seopress_robots_follow":"","_seopress_robots_imageindex":"","_seopress_robots_snippet":"","_seopress_robots_primary_cat":"0","_seopress_robots_breadcrumbs":"","_seopress_robots_freeze_modified_date":"","_seopress_robots_custom_modified_date":"","_seopress_robots_canonical":"","_seopress_social_fb_title":"","_seopress_social_fb_desc":"","_seopress_social_fb_img":"","_seopress_social_fb_img_attachment_id":0,"_seopress_social_fb_img_width":0,"_seopress_social_fb_img_height":0,"_seopress_social_twitter_title":"","_seopress_social_twitter_desc":"","_seopress_social_twitter_img":"","_seopress_social_twitter_img_attachment_id":0,"_seopress_social_twitter_img_width":0,"_seopress_social_twitter_img_height":0,"_seopress_redirections_value":"","_seopress_redirections_enabled":"","_seopress_redirections_enabled_regex":"","_seopress_redirections_logged_status":"","_seopress_redirections_param":"","_seopress_redirections_type":0,"_seopress_analysis_target_kw":"EDGE del Bronzetto riceve la Menzione d\u2019Onore al 19\u00b0 Annual International Design Awards","footnotes":""},"categories":[84,83],"tags":[456],"thb-sponsors":[],"class_list":["post-5909","post","type-post","status-publish","format-standard","has-post-thumbnail","hentry","category-brands","category-progetti","tag-made-in-italy-2-it"],"_links":{"self":[{"href":"https:\/\/www.habemusdesign.com\/it\/wp-json\/wp\/v2\/posts\/5909","targetHints":{"allow":["GET"]}}],"collection":[{"href":"https:\/\/www.habemusdesign.com\/it\/wp-json\/wp\/v2\/posts"}],"about":[{"href":"https:\/\/www.habemusdesign.com\/it\/wp-json\/wp\/v2\/types\/post"}],"author":[{"embeddable":true,"href":"https:\/\/www.habemusdesign.com\/it\/wp-json\/wp\/v2\/users\/1"}],"replies":[{"embeddable":true,"href":"https:\/\/www.habemusdesign.com\/it\/wp-json\/wp\/v2\/comments?post=5909"}],"version-history":[{"count":3,"href":"https:\/\/www.habemusdesign.com\/it\/wp-json\/wp\/v2\/posts\/5909\/revisions"}],"predecessor-version":[{"id":5948,"href":"https:\/\/www.habemusdesign.com\/it\/wp-json\/wp\/v2\/posts\/5909\/revisions\/5948"}],"wp:featuredmedia":[{"embeddable":true,"href":"https:\/\/www.habemusdesign.com\/it\/wp-json\/wp\/v2\/media\/5887"}],"wp:attachment":[{"href":"https:\/\/www.habemusdesign.com\/it\/wp-json\/wp\/v2\/media?parent=5909"}],"wp:term":[{"taxonomy":"category","embeddable":true,"href":"https:\/\/www.habemusdesign.com\/it\/wp-json\/wp\/v2\/categories?post=5909"},{"taxonomy":"post_tag","embeddable":true,"href":"https:\/\/www.habemusdesign.com\/it\/wp-json\/wp\/v2\/tags?post=5909"},{"taxonomy":"thb-sponsors","embeddable":true,"href":"https:\/\/www.habemusdesign.com\/it\/wp-json\/wp\/v2\/thb-sponsors?post=5909"}],"curies":[{"name":"wp","href":"https:\/\/api.w.org\/{rel}","templated":true}]}}