{"id":5731,"date":"2025-11-06T09:19:30","date_gmt":"2025-11-06T08:19:30","guid":{"rendered":"https:\/\/www.habemusdesign.com\/?p=5731"},"modified":"2025-11-06T09:25:09","modified_gmt":"2025-11-06T08:25:09","slug":"mostra-rigenerazione-alla-casa-noti-di-varsavia","status":"publish","type":"post","link":"https:\/\/www.habemusdesign.com\/it\/mostra-rigenerazione-alla-casa-noti-di-varsavia\/","title":{"rendered":"Mostra \u201cRigenerazione\u201d alla Casa Noti di Varsavia"},"content":{"rendered":"\n<h3 class=\"wp-block-heading\"><strong>Il design come spazio di dialogo<\/strong>. <em>Visitabile fino alla fine di novembre<\/em><\/h3>\n\n\n\n<p class=\"wp-block-paragraph\">\u201cRigenerazione\u201d \u00e8 una mostra che parla della <strong>forza del design come linguaggio umano e universale<\/strong> \u2013 capace non solo di creare oggetti, ma di unire persone, idee ed emozioni. \u00c8 un racconto sulla <strong>rinascita e la responsabilit\u00e0<\/strong>, sull\u2019uso consapevole dei materiali, sul valore della sostenibilit\u00e0 e sulla capacit\u00e0 del design di rigenerare il mondo che ci circonda. I designer presenti dimostrano che oggi progettare significa anche prendersi cura del futuro.<\/p>\n\n\n\n<div style=\"height:30px\" aria-hidden=\"true\" class=\"wp-block-spacer\"><\/div>\n\n\n\n<figure class=\"wp-block-image size-full\"><img alt=\"\" loading=\"lazy\" decoding=\"async\" width=\"1024\" height=\"683\" src=\"https:\/\/www.habemusdesign.com\/wp-content\/uploads\/2025\/11\/4-NOTI-wystawa-Regeneracja-w-Domu-Noti-fot-Mery-Wilczynska.jpg\" alt=\"\" class=\"wp-image-5712\" srcset=\"https:\/\/www.habemusdesign.com\/wp-content\/uploads\/2025\/11\/4-NOTI-wystawa-Regeneracja-w-Domu-Noti-fot-Mery-Wilczynska.jpg 1024w, https:\/\/www.habemusdesign.com\/wp-content\/uploads\/2025\/11\/4-NOTI-wystawa-Regeneracja-w-Domu-Noti-fot-Mery-Wilczynska-300x200.jpg 300w, https:\/\/www.habemusdesign.com\/wp-content\/uploads\/2025\/11\/4-NOTI-wystawa-Regeneracja-w-Domu-Noti-fot-Mery-Wilczynska-150x100.jpg 150w, https:\/\/www.habemusdesign.com\/wp-content\/uploads\/2025\/11\/4-NOTI-wystawa-Regeneracja-w-Domu-Noti-fot-Mery-Wilczynska-768x512.jpg 768w, https:\/\/www.habemusdesign.com\/wp-content\/uploads\/2025\/11\/4-NOTI-wystawa-Regeneracja-w-Domu-Noti-fot-Mery-Wilczynska-370x247.jpg 370w, https:\/\/www.habemusdesign.com\/wp-content\/uploads\/2025\/11\/4-NOTI-wystawa-Regeneracja-w-Domu-Noti-fot-Mery-Wilczynska-800x534.jpg 800w, https:\/\/www.habemusdesign.com\/wp-content\/uploads\/2025\/11\/4-NOTI-wystawa-Regeneracja-w-Domu-Noti-fot-Mery-Wilczynska-20x13.jpg 20w, https:\/\/www.habemusdesign.com\/wp-content\/uploads\/2025\/11\/4-NOTI-wystawa-Regeneracja-w-Domu-Noti-fot-Mery-Wilczynska-740x494.jpg 740w, https:\/\/www.habemusdesign.com\/wp-content\/uploads\/2025\/11\/4-NOTI-wystawa-Regeneracja-w-Domu-Noti-fot-Mery-Wilczynska-72x48.jpg 72w\" sizes=\"auto, (max-width: 1024px) 100vw, 1024px\" \/><\/figure>\n\n\n\n<p class=\"wp-block-paragraph\"><\/p>\n\n\n\n<div style=\"height:30px\" aria-hidden=\"true\" class=\"wp-block-spacer\"><\/div>\n\n\n\n<p class=\"wp-block-paragraph\">La mostra, ospitata presso la <strong>Dom Noti di Varsavia<\/strong>, nasce dall\u2019esposizione del design polacco organizzata negli edifici del <strong>Consiglio dell\u2019Unione Europea e del Parlamento Europeo a Bruxelles<\/strong> e al <strong>Parlamento Europeo di Strasburgo<\/strong>, sotto la direzione dell\u2019<strong>Istituto Adam Mickiewicz<\/strong> e del <strong>Ministero della Cultura e del Patrimonio Nazionale della Polonia<\/strong>.<\/p>\n\n\n\n<p class=\"wp-block-paragraph\">La versione di Varsavia porta questo dialogo nello spazio accogliente di Dom Noti \u2013 luogo simbolo del design polacco e del confronto creativo.<\/p>\n\n\n\n<div style=\"height:30px\" aria-hidden=\"true\" class=\"wp-block-spacer\"><\/div>\n\n\n\n<figure class=\"wp-block-gallery has-nested-images columns-default is-cropped wp-block-gallery-1 is-layout-flex wp-block-gallery-is-layout-flex\">\n<figure class=\"wp-block-image size-large\"><img alt=\"\" loading=\"lazy\" decoding=\"async\" width=\"683\" height=\"1024\" data-id=\"5716\" src=\"https:\/\/www.habemusdesign.com\/wp-content\/uploads\/2025\/11\/2-NOTI-wystawa-Regeneracja-w-Domu-Noti-fot-Mery-Wilczynska-683x1024.jpg\" alt=\"\" class=\"wp-image-5716\" srcset=\"https:\/\/www.habemusdesign.com\/wp-content\/uploads\/2025\/11\/2-NOTI-wystawa-Regeneracja-w-Domu-Noti-fot-Mery-Wilczynska-683x1024.jpg 683w, https:\/\/www.habemusdesign.com\/wp-content\/uploads\/2025\/11\/2-NOTI-wystawa-Regeneracja-w-Domu-Noti-fot-Mery-Wilczynska-200x300.jpg 200w, https:\/\/www.habemusdesign.com\/wp-content\/uploads\/2025\/11\/2-NOTI-wystawa-Regeneracja-w-Domu-Noti-fot-Mery-Wilczynska-100x150.jpg 100w, https:\/\/www.habemusdesign.com\/wp-content\/uploads\/2025\/11\/2-NOTI-wystawa-Regeneracja-w-Domu-Noti-fot-Mery-Wilczynska-370x555.jpg 370w, https:\/\/www.habemusdesign.com\/wp-content\/uploads\/2025\/11\/2-NOTI-wystawa-Regeneracja-w-Domu-Noti-fot-Mery-Wilczynska-20x30.jpg 20w, https:\/\/www.habemusdesign.com\/wp-content\/uploads\/2025\/11\/2-NOTI-wystawa-Regeneracja-w-Domu-Noti-fot-Mery-Wilczynska-32x48.jpg 32w\" sizes=\"auto, (max-width: 683px) 100vw, 683px\" \/><\/figure>\n\n\n\n<figure class=\"wp-block-image size-large\"><img alt=\"\" loading=\"lazy\" decoding=\"async\" width=\"683\" height=\"1024\" data-id=\"5714\" src=\"https:\/\/www.habemusdesign.com\/wp-content\/uploads\/2025\/11\/3-NOTI-wystawa-Regeneracja-w-Domu-Noti-fot-Mery-Wilczynska-683x1024.jpg\" alt=\"\" class=\"wp-image-5714\" srcset=\"https:\/\/www.habemusdesign.com\/wp-content\/uploads\/2025\/11\/3-NOTI-wystawa-Regeneracja-w-Domu-Noti-fot-Mery-Wilczynska-683x1024.jpg 683w, https:\/\/www.habemusdesign.com\/wp-content\/uploads\/2025\/11\/3-NOTI-wystawa-Regeneracja-w-Domu-Noti-fot-Mery-Wilczynska-200x300.jpg 200w, https:\/\/www.habemusdesign.com\/wp-content\/uploads\/2025\/11\/3-NOTI-wystawa-Regeneracja-w-Domu-Noti-fot-Mery-Wilczynska-100x150.jpg 100w, https:\/\/www.habemusdesign.com\/wp-content\/uploads\/2025\/11\/3-NOTI-wystawa-Regeneracja-w-Domu-Noti-fot-Mery-Wilczynska-370x555.jpg 370w, https:\/\/www.habemusdesign.com\/wp-content\/uploads\/2025\/11\/3-NOTI-wystawa-Regeneracja-w-Domu-Noti-fot-Mery-Wilczynska-20x30.jpg 20w, https:\/\/www.habemusdesign.com\/wp-content\/uploads\/2025\/11\/3-NOTI-wystawa-Regeneracja-w-Domu-Noti-fot-Mery-Wilczynska-32x48.jpg 32w\" sizes=\"auto, (max-width: 683px) 100vw, 683px\" \/><\/figure>\n<\/figure>\n\n\n\n<div style=\"height:30px\" aria-hidden=\"true\" class=\"wp-block-spacer\"><\/div>\n\n\n\n<p class=\"wp-block-paragraph\">La curatrice e autrice del concetto \u201cRigenerazione\u201d \u00e8 <strong>Aleksandra K\u0119dziorek<\/strong>, mentre l\u2019allestimento \u00e8 firmato dall\u2019architetta <strong>Katarzyna Baumiller<\/strong>, anche curatrice della mostra in Polonia. Gli ambienti della Dom Noti, situata nel quartiere Sadyba, riflettono quasi perfettamente la disposizione della sede del Parlamento Europeo, consentendo una trasposizione fedele dell\u2019esposizione.<br>Come afferma Baumiller, <em>\u201cla mostra invita a riflettere sul design come spazio di incontro e rinnovamento nella realt\u00e0 contemporanea.\u201d<\/em><\/p>\n\n\n\n<div style=\"height:30px\" aria-hidden=\"true\" class=\"wp-block-spacer\"><\/div>\n\n\n\n<figure class=\"wp-block-gallery has-nested-images columns-default is-cropped wp-block-gallery-2 is-layout-flex wp-block-gallery-is-layout-flex\">\n<figure class=\"wp-block-image size-large\"><img alt=\"\" loading=\"lazy\" decoding=\"async\" width=\"683\" height=\"1024\" data-id=\"5718\" src=\"https:\/\/www.habemusdesign.com\/wp-content\/uploads\/2025\/11\/1-NOTI-wystawa-Regeneracja-w-Domu-Noti-fot-Mery-Wilczynska-683x1024.jpg\" alt=\"\" class=\"wp-image-5718\" srcset=\"https:\/\/www.habemusdesign.com\/wp-content\/uploads\/2025\/11\/1-NOTI-wystawa-Regeneracja-w-Domu-Noti-fot-Mery-Wilczynska-683x1024.jpg 683w, https:\/\/www.habemusdesign.com\/wp-content\/uploads\/2025\/11\/1-NOTI-wystawa-Regeneracja-w-Domu-Noti-fot-Mery-Wilczynska-200x300.jpg 200w, https:\/\/www.habemusdesign.com\/wp-content\/uploads\/2025\/11\/1-NOTI-wystawa-Regeneracja-w-Domu-Noti-fot-Mery-Wilczynska-100x150.jpg 100w, https:\/\/www.habemusdesign.com\/wp-content\/uploads\/2025\/11\/1-NOTI-wystawa-Regeneracja-w-Domu-Noti-fot-Mery-Wilczynska-370x555.jpg 370w, https:\/\/www.habemusdesign.com\/wp-content\/uploads\/2025\/11\/1-NOTI-wystawa-Regeneracja-w-Domu-Noti-fot-Mery-Wilczynska-20x30.jpg 20w, https:\/\/www.habemusdesign.com\/wp-content\/uploads\/2025\/11\/1-NOTI-wystawa-Regeneracja-w-Domu-Noti-fot-Mery-Wilczynska-32x48.jpg 32w\" sizes=\"auto, (max-width: 683px) 100vw, 683px\" \/><\/figure>\n\n\n\n<figure class=\"wp-block-image size-large\"><img alt=\"\" loading=\"lazy\" decoding=\"async\" width=\"683\" height=\"1024\" data-id=\"5720\" src=\"https:\/\/www.habemusdesign.com\/wp-content\/uploads\/2025\/11\/6-NOTI-wystawa-Regeneracja-w-Domu-Noti-fot-Mery-Wilczynska-683x1024.jpg\" alt=\"\" class=\"wp-image-5720\" srcset=\"https:\/\/www.habemusdesign.com\/wp-content\/uploads\/2025\/11\/6-NOTI-wystawa-Regeneracja-w-Domu-Noti-fot-Mery-Wilczynska-683x1024.jpg 683w, https:\/\/www.habemusdesign.com\/wp-content\/uploads\/2025\/11\/6-NOTI-wystawa-Regeneracja-w-Domu-Noti-fot-Mery-Wilczynska-200x300.jpg 200w, https:\/\/www.habemusdesign.com\/wp-content\/uploads\/2025\/11\/6-NOTI-wystawa-Regeneracja-w-Domu-Noti-fot-Mery-Wilczynska-100x150.jpg 100w, https:\/\/www.habemusdesign.com\/wp-content\/uploads\/2025\/11\/6-NOTI-wystawa-Regeneracja-w-Domu-Noti-fot-Mery-Wilczynska-370x555.jpg 370w, https:\/\/www.habemusdesign.com\/wp-content\/uploads\/2025\/11\/6-NOTI-wystawa-Regeneracja-w-Domu-Noti-fot-Mery-Wilczynska-20x30.jpg 20w, https:\/\/www.habemusdesign.com\/wp-content\/uploads\/2025\/11\/6-NOTI-wystawa-Regeneracja-w-Domu-Noti-fot-Mery-Wilczynska-32x48.jpg 32w\" sizes=\"auto, (max-width: 683px) 100vw, 683px\" \/><\/figure>\n<\/figure>\n\n\n\n<div style=\"height:30px\" aria-hidden=\"true\" class=\"wp-block-spacer\"><\/div>\n\n\n\n<div style=\"height:30px\" aria-hidden=\"true\" class=\"wp-block-spacer\"><\/div>\n\n\n\n<p class=\"wp-block-paragraph\">Tra i partecipanti: <strong>AS \u0106miel\u00f3w \/ Fabbrica di Porcellana, BAAURA, Bimer light, BY HUMANS SPACE, DERIVE, FORMATE, Malwina Konopacka, Pani Jurek, Alicja Patanowska, Pawlak &amp; Stawarski, Totem Studio, UAU Project<\/strong> e molti altri protagonisti del design polacco contemporaneo.<\/p>\n\n\n\n<p class=\"wp-block-paragraph\">Aperta fino al <strong>30 novembre 2025<\/strong>, dal luned\u00ec al venerd\u00ec, ore <strong>10:00\u201318:00<\/strong>.<br><strong>Dom Noti<\/strong> \u00e8 molto pi\u00f9 di uno showroom: \u00e8 un luogo di incontro e scambio, dove il design diventa dialogo.<\/p>\n\n\n\n<p class=\"wp-block-paragraph\">Maggiori informazioni:<a href=\"https:\/\/www.noti.pl\"> www.noti.pl<\/a><\/p>\n\n\n\n<p class=\"wp-block-paragraph\"><strong>Curatrice:<\/strong> Katarzyna Baumiller<br><strong>Foto:<\/strong> Mery Wilczy\u0144ska<\/p>\n\n\n\n<div style=\"height:30px\" aria-hidden=\"true\" class=\"wp-block-spacer\"><\/div>\n\n\n\n<figure class=\"wp-block-gallery has-nested-images columns-default is-cropped wp-block-gallery-3 is-layout-flex wp-block-gallery-is-layout-flex\">\n<figure class=\"wp-block-image size-large\"><img alt=\"\" loading=\"lazy\" decoding=\"async\" width=\"683\" height=\"1024\" data-id=\"5724\" src=\"https:\/\/www.habemusdesign.com\/wp-content\/uploads\/2025\/11\/7-NOTI-wystawa-Regeneracja-w-Domu-Noti-fot-Mery-Wilczynska-683x1024.jpg\" alt=\"\" class=\"wp-image-5724\" srcset=\"https:\/\/www.habemusdesign.com\/wp-content\/uploads\/2025\/11\/7-NOTI-wystawa-Regeneracja-w-Domu-Noti-fot-Mery-Wilczynska-683x1024.jpg 683w, https:\/\/www.habemusdesign.com\/wp-content\/uploads\/2025\/11\/7-NOTI-wystawa-Regeneracja-w-Domu-Noti-fot-Mery-Wilczynska-200x300.jpg 200w, https:\/\/www.habemusdesign.com\/wp-content\/uploads\/2025\/11\/7-NOTI-wystawa-Regeneracja-w-Domu-Noti-fot-Mery-Wilczynska-100x150.jpg 100w, https:\/\/www.habemusdesign.com\/wp-content\/uploads\/2025\/11\/7-NOTI-wystawa-Regeneracja-w-Domu-Noti-fot-Mery-Wilczynska-370x555.jpg 370w, https:\/\/www.habemusdesign.com\/wp-content\/uploads\/2025\/11\/7-NOTI-wystawa-Regeneracja-w-Domu-Noti-fot-Mery-Wilczynska-20x30.jpg 20w, https:\/\/www.habemusdesign.com\/wp-content\/uploads\/2025\/11\/7-NOTI-wystawa-Regeneracja-w-Domu-Noti-fot-Mery-Wilczynska-32x48.jpg 32w\" sizes=\"auto, (max-width: 683px) 100vw, 683px\" \/><\/figure>\n\n\n\n<figure class=\"wp-block-image size-large\"><img alt=\"\" loading=\"lazy\" decoding=\"async\" width=\"683\" height=\"1024\" data-id=\"5722\" src=\"https:\/\/www.habemusdesign.com\/wp-content\/uploads\/2025\/11\/9-NOTI-wystawa-Regeneracja-w-Domu-Noti-fot-Mery-Wilczynska-683x1024.jpg\" alt=\"\" class=\"wp-image-5722\" srcset=\"https:\/\/www.habemusdesign.com\/wp-content\/uploads\/2025\/11\/9-NOTI-wystawa-Regeneracja-w-Domu-Noti-fot-Mery-Wilczynska-683x1024.jpg 683w, https:\/\/www.habemusdesign.com\/wp-content\/uploads\/2025\/11\/9-NOTI-wystawa-Regeneracja-w-Domu-Noti-fot-Mery-Wilczynska-200x300.jpg 200w, https:\/\/www.habemusdesign.com\/wp-content\/uploads\/2025\/11\/9-NOTI-wystawa-Regeneracja-w-Domu-Noti-fot-Mery-Wilczynska-100x150.jpg 100w, https:\/\/www.habemusdesign.com\/wp-content\/uploads\/2025\/11\/9-NOTI-wystawa-Regeneracja-w-Domu-Noti-fot-Mery-Wilczynska-370x555.jpg 370w, https:\/\/www.habemusdesign.com\/wp-content\/uploads\/2025\/11\/9-NOTI-wystawa-Regeneracja-w-Domu-Noti-fot-Mery-Wilczynska-20x30.jpg 20w, https:\/\/www.habemusdesign.com\/wp-content\/uploads\/2025\/11\/9-NOTI-wystawa-Regeneracja-w-Domu-Noti-fot-Mery-Wilczynska-32x48.jpg 32w\" sizes=\"auto, (max-width: 683px) 100vw, 683px\" \/><\/figure>\n<\/figure>\n\n\n\n<div style=\"height:30px\" aria-hidden=\"true\" class=\"wp-block-spacer\"><\/div>\n\n\n\n<figure class=\"wp-block-image size-full\"><img alt=\"\" loading=\"lazy\" decoding=\"async\" width=\"1024\" height=\"683\" src=\"https:\/\/www.habemusdesign.com\/wp-content\/uploads\/2025\/11\/8-NOTI-wystawa-Regeneracja-w-Domu-Noti-fot-Mery-Wilczynska.jpg\" alt=\"\" class=\"wp-image-5726\" srcset=\"https:\/\/www.habemusdesign.com\/wp-content\/uploads\/2025\/11\/8-NOTI-wystawa-Regeneracja-w-Domu-Noti-fot-Mery-Wilczynska.jpg 1024w, https:\/\/www.habemusdesign.com\/wp-content\/uploads\/2025\/11\/8-NOTI-wystawa-Regeneracja-w-Domu-Noti-fot-Mery-Wilczynska-300x200.jpg 300w, https:\/\/www.habemusdesign.com\/wp-content\/uploads\/2025\/11\/8-NOTI-wystawa-Regeneracja-w-Domu-Noti-fot-Mery-Wilczynska-150x100.jpg 150w, https:\/\/www.habemusdesign.com\/wp-content\/uploads\/2025\/11\/8-NOTI-wystawa-Regeneracja-w-Domu-Noti-fot-Mery-Wilczynska-768x512.jpg 768w, https:\/\/www.habemusdesign.com\/wp-content\/uploads\/2025\/11\/8-NOTI-wystawa-Regeneracja-w-Domu-Noti-fot-Mery-Wilczynska-370x247.jpg 370w, https:\/\/www.habemusdesign.com\/wp-content\/uploads\/2025\/11\/8-NOTI-wystawa-Regeneracja-w-Domu-Noti-fot-Mery-Wilczynska-800x534.jpg 800w, https:\/\/www.habemusdesign.com\/wp-content\/uploads\/2025\/11\/8-NOTI-wystawa-Regeneracja-w-Domu-Noti-fot-Mery-Wilczynska-20x13.jpg 20w, https:\/\/www.habemusdesign.com\/wp-content\/uploads\/2025\/11\/8-NOTI-wystawa-Regeneracja-w-Domu-Noti-fot-Mery-Wilczynska-740x494.jpg 740w, https:\/\/www.habemusdesign.com\/wp-content\/uploads\/2025\/11\/8-NOTI-wystawa-Regeneracja-w-Domu-Noti-fot-Mery-Wilczynska-72x48.jpg 72w\" sizes=\"auto, (max-width: 1024px) 100vw, 1024px\" \/><\/figure>\n\n\n\n<div style=\"height:30px\" aria-hidden=\"true\" class=\"wp-block-spacer\"><\/div>\n\n\n\n<figure class=\"wp-block-image size-large\"><img alt=\"\" loading=\"lazy\" decoding=\"async\" width=\"683\" height=\"1024\" src=\"https:\/\/www.habemusdesign.com\/wp-content\/uploads\/2025\/11\/7-NOTI-wystawa-Regeneracja-w-Domu-Noti-fot-Mery-Wilczynska-1-683x1024.jpg\" alt=\"\" class=\"wp-image-5728\" srcset=\"https:\/\/www.habemusdesign.com\/wp-content\/uploads\/2025\/11\/7-NOTI-wystawa-Regeneracja-w-Domu-Noti-fot-Mery-Wilczynska-1-683x1024.jpg 683w, https:\/\/www.habemusdesign.com\/wp-content\/uploads\/2025\/11\/7-NOTI-wystawa-Regeneracja-w-Domu-Noti-fot-Mery-Wilczynska-1-200x300.jpg 200w, https:\/\/www.habemusdesign.com\/wp-content\/uploads\/2025\/11\/7-NOTI-wystawa-Regeneracja-w-Domu-Noti-fot-Mery-Wilczynska-1-100x150.jpg 100w, https:\/\/www.habemusdesign.com\/wp-content\/uploads\/2025\/11\/7-NOTI-wystawa-Regeneracja-w-Domu-Noti-fot-Mery-Wilczynska-1-370x555.jpg 370w, https:\/\/www.habemusdesign.com\/wp-content\/uploads\/2025\/11\/7-NOTI-wystawa-Regeneracja-w-Domu-Noti-fot-Mery-Wilczynska-1-20x30.jpg 20w, https:\/\/www.habemusdesign.com\/wp-content\/uploads\/2025\/11\/7-NOTI-wystawa-Regeneracja-w-Domu-Noti-fot-Mery-Wilczynska-1-32x48.jpg 32w\" sizes=\"auto, (max-width: 683px) 100vw, 683px\" \/><\/figure>\n","protected":false},"excerpt":{"rendered":"<p>Il design come spazio di dialogo. Visitabile fino alla fine di novembre \u201cRigenerazione\u201d \u00e8 una mostra che parla della forza del design come linguaggio umano e universale \u2013 capace non solo di creare oggetti, ma di unire persone, idee ed emozioni. \u00c8 un racconto sulla rinascita e la responsabilit\u00e0, sull\u2019uso consapevole dei materiali, sul valore&hellip;<\/p>\n","protected":false},"author":2,"featured_media":5711,"comment_status":"closed","ping_status":"closed","sticky":false,"template":"","format":"standard","meta":{"_seopress_titles_title":"","_seopress_titles_desc":"La mostra, ospitata presso la Dom Noti di Varsavia, nasce dall\u2019esposizione del design polacco organizzata negli edifici del Consiglio","_seopress_robots_index":"","_seopress_robots_follow":"","_seopress_robots_imageindex":"","_seopress_robots_snippet":"","_seopress_robots_primary_cat":"0","_seopress_robots_breadcrumbs":"","_seopress_robots_freeze_modified_date":"","_seopress_robots_custom_modified_date":"","_seopress_robots_canonical":"","_seopress_social_fb_title":"","_seopress_social_fb_desc":"","_seopress_social_fb_img":"","_seopress_social_fb_img_attachment_id":0,"_seopress_social_fb_img_width":0,"_seopress_social_fb_img_height":0,"_seopress_social_twitter_title":"","_seopress_social_twitter_desc":"","_seopress_social_twitter_img":"","_seopress_social_twitter_img_attachment_id":0,"_seopress_social_twitter_img_width":0,"_seopress_social_twitter_img_height":0,"_seopress_redirections_value":"","_seopress_redirections_enabled":"","_seopress_redirections_enabled_regex":"","_seopress_redirections_logged_status":"","_seopress_redirections_param":"","_seopress_redirections_type":0,"_seopress_analysis_target_kw":"Mostra \u201cRigenerazione\u201d alla Casa Noti di Varsavia","footnotes":""},"categories":[85],"tags":[369,249],"thb-sponsors":[],"class_list":["post-5731","post","type-post","status-publish","format-standard","has-post-thumbnail","hentry","category-luoghi","tag-made-in-poland","tag-polski-design-it"],"_links":{"self":[{"href":"https:\/\/www.habemusdesign.com\/it\/wp-json\/wp\/v2\/posts\/5731","targetHints":{"allow":["GET"]}}],"collection":[{"href":"https:\/\/www.habemusdesign.com\/it\/wp-json\/wp\/v2\/posts"}],"about":[{"href":"https:\/\/www.habemusdesign.com\/it\/wp-json\/wp\/v2\/types\/post"}],"author":[{"embeddable":true,"href":"https:\/\/www.habemusdesign.com\/it\/wp-json\/wp\/v2\/users\/2"}],"replies":[{"embeddable":true,"href":"https:\/\/www.habemusdesign.com\/it\/wp-json\/wp\/v2\/comments?post=5731"}],"version-history":[{"count":1,"href":"https:\/\/www.habemusdesign.com\/it\/wp-json\/wp\/v2\/posts\/5731\/revisions"}],"predecessor-version":[{"id":5732,"href":"https:\/\/www.habemusdesign.com\/it\/wp-json\/wp\/v2\/posts\/5731\/revisions\/5732"}],"wp:featuredmedia":[{"embeddable":true,"href":"https:\/\/www.habemusdesign.com\/it\/wp-json\/wp\/v2\/media\/5711"}],"wp:attachment":[{"href":"https:\/\/www.habemusdesign.com\/it\/wp-json\/wp\/v2\/media?parent=5731"}],"wp:term":[{"taxonomy":"category","embeddable":true,"href":"https:\/\/www.habemusdesign.com\/it\/wp-json\/wp\/v2\/categories?post=5731"},{"taxonomy":"post_tag","embeddable":true,"href":"https:\/\/www.habemusdesign.com\/it\/wp-json\/wp\/v2\/tags?post=5731"},{"taxonomy":"thb-sponsors","embeddable":true,"href":"https:\/\/www.habemusdesign.com\/it\/wp-json\/wp\/v2\/thb-sponsors?post=5731"}],"curies":[{"name":"wp","href":"https:\/\/api.w.org\/{rel}","templated":true}]}}