{"id":4478,"date":"2025-01-13T10:30:44","date_gmt":"2025-01-13T09:30:44","guid":{"rendered":"https:\/\/www.habemusdesign.com\/?p=4478"},"modified":"2025-01-13T10:57:08","modified_gmt":"2025-01-13T09:57:08","slug":"oliviero-toscani-visionario-della-fotografia-e-il-suo-lascito","status":"publish","type":"post","link":"https:\/\/www.habemusdesign.com\/it\/oliviero-toscani-visionario-della-fotografia-e-il-suo-lascito\/","title":{"rendered":"Oliviero Toscani: visionario della fotografia e il suo lascito"},"content":{"rendered":"\n<p class=\"wp-block-paragraph\">Il 13 gennaio 2025 il mondo dell&#8217;arte ha perso una delle figure pi\u00f9 distintive e controverse. Oliviero Toscani, straordinario fotografo che ha ridefinito i confini della pubblicit\u00e0 e della fotografia, \u00e8 morto all&#8217;et\u00e0 di 82 anni. La sua vita e la sua opera hanno lasciato un&#8217;impronta indelebile sulla cultura contemporanea.<\/p>\n\n\n\n<h3 class=\"wp-block-heading\"><strong>Giovinezza e primi passi nel mondo dell&#8217;arte<\/strong><\/h3>\n\n\n\n<p class=\"wp-block-paragraph\">Oliviero Toscani \u00e8 nato il 28 febbraio 1942 a Milano, in una famiglia con radici artistiche. Suo padre, Fedele Toscani, era un fotografo giornalistico che lavorava per il quotidiano &#8220;Corriere della Sera&#8221;. Fu proprio lui a trasmettere al giovane Oliviero l&#8217;amore per la fotografia. Toscani ha studiato presso la prestigiosa \u00c9cole des Beaux-Arts di Zurigo, dove ha sviluppato la sua tecnica e ha acquisito le prime esperienze professionali. Sua sorella, Marirosa Toscani, sar\u00e0 insieme al futuro marito, Aldo Ballo, parte dello studio Ballo&amp;Ballo, uno dei pi\u00f9 importanti studi fotografici di architettura, interni e design.<\/p>\n\n\n\n<h3 class=\"wp-block-heading\"><strong>Carriera e controversie<\/strong><\/h3>\n\n\n\n<p class=\"wp-block-paragraph\">Toscani ha raggiunto la massima notoriet\u00e0 come direttore creativo del marchio Benetton, con cui ha collaborato negli anni &#8217;80 e &#8217;90. Le sue campagne pubblicitarie combinavano minimalismo con temi sociali audaci, rendendole uniche nel mondo della pubblicit\u00e0. Toscani non evitava i temi tab\u00f9: nelle sue opere affrontava questioni come razzismo, AIDS, guerra, povert\u00e0 e diritti umani. Le sue fotografie erano sia ammirate che criticate per la loro brutale sincerit\u00e0 e l&#8217;approccio non convenzionale.<\/p>\n\n\n\n<figure class=\"wp-block-image size-large\"><img alt=\"\" loading=\"lazy\" decoding=\"async\" width=\"1024\" height=\"600\" src=\"https:\/\/www.habemusdesign.com\/wp-content\/uploads\/2025\/01\/1-oliviero-oscani-instagram-1024x600.jpg\" alt=\"\" class=\"wp-image-4484\" srcset=\"https:\/\/www.habemusdesign.com\/wp-content\/uploads\/2025\/01\/1-oliviero-oscani-instagram-1024x600.jpg 1024w, https:\/\/www.habemusdesign.com\/wp-content\/uploads\/2025\/01\/1-oliviero-oscani-instagram-300x176.jpg 300w, https:\/\/www.habemusdesign.com\/wp-content\/uploads\/2025\/01\/1-oliviero-oscani-instagram-768x450.jpg 768w, https:\/\/www.habemusdesign.com\/wp-content\/uploads\/2025\/01\/1-oliviero-oscani-instagram-370x217.jpg 370w, https:\/\/www.habemusdesign.com\/wp-content\/uploads\/2025\/01\/1-oliviero-oscani-instagram-800x469.jpg 800w, https:\/\/www.habemusdesign.com\/wp-content\/uploads\/2025\/01\/1-oliviero-oscani-instagram-20x12.jpg 20w, https:\/\/www.habemusdesign.com\/wp-content\/uploads\/2025\/01\/1-oliviero-oscani-instagram-740x434.jpg 740w, https:\/\/www.habemusdesign.com\/wp-content\/uploads\/2025\/01\/1-oliviero-oscani-instagram-82x48.jpg 82w\" sizes=\"auto, (max-width: 1024px) 100vw, 1024px\" \/><\/figure>\n\n\n\n<p class=\"wp-block-paragraph\">Una delle campagne pi\u00f9 famose \u00e8 stata una serie di fotografie che ritraevano persone colpite dall&#8217;AIDS, tra cui la celebre immagine di David Kirby sul letto di morte, che ha suscitato un dibattito internazionale sulla malattia e sui pregiudizi ad essa legati. Toscani credeva che la fotografia potesse cambiare il mondo, provocare riflessione e ispirare all&#8217;azione.<\/p>\n\n\n\n<h3 class=\"wp-block-heading\"><strong>Innovatore e visionario<\/strong><\/h3>\n\n\n\n<p class=\"wp-block-paragraph\">Toscani non si \u00e8 mai limitato esclusivamente alla pubblicit\u00e0. \u00c8 stato anche l&#8217;autore di progetti artistici come &#8220;Razza Umana&#8221;, in cui documentava la diversit\u00e0 umana in tutto il mondo attraverso ritratti e interviste. Le sue opere combinavano arte e antropologia, ponendo domande sulla nostra identit\u00e0, appartenenza ed uguaglianza.<\/p>\n\n\n\n<figure class=\"wp-block-image size-large\"><img alt=\"\" loading=\"lazy\" decoding=\"async\" width=\"1024\" height=\"600\" src=\"https:\/\/www.habemusdesign.com\/wp-content\/uploads\/2025\/01\/2-oliviero-oscani-instagram-1024x600.jpg\" alt=\"\" class=\"wp-image-4488\" srcset=\"https:\/\/www.habemusdesign.com\/wp-content\/uploads\/2025\/01\/2-oliviero-oscani-instagram-1024x600.jpg 1024w, https:\/\/www.habemusdesign.com\/wp-content\/uploads\/2025\/01\/2-oliviero-oscani-instagram-300x176.jpg 300w, https:\/\/www.habemusdesign.com\/wp-content\/uploads\/2025\/01\/2-oliviero-oscani-instagram-768x450.jpg 768w, https:\/\/www.habemusdesign.com\/wp-content\/uploads\/2025\/01\/2-oliviero-oscani-instagram-370x217.jpg 370w, https:\/\/www.habemusdesign.com\/wp-content\/uploads\/2025\/01\/2-oliviero-oscani-instagram-800x469.jpg 800w, https:\/\/www.habemusdesign.com\/wp-content\/uploads\/2025\/01\/2-oliviero-oscani-instagram-20x12.jpg 20w, https:\/\/www.habemusdesign.com\/wp-content\/uploads\/2025\/01\/2-oliviero-oscani-instagram-740x434.jpg 740w, https:\/\/www.habemusdesign.com\/wp-content\/uploads\/2025\/01\/2-oliviero-oscani-instagram-82x48.jpg 82w\" sizes=\"auto, (max-width: 1024px) 100vw, 1024px\" \/><\/figure>\n\n\n\n<h3 class=\"wp-block-heading\"><strong>L&#8217;eredit\u00e0 e l&#8217;impatto sulla cultura contemporanea<\/strong><\/h3>\n\n\n\n<p class=\"wp-block-paragraph\">L&#8217;eredit\u00e0 di Toscani \u00e8 soprattutto il coraggio di unire l&#8217;arte al messaggio sociale. Le sue opere hanno ispirato generazioni di artisti, fotografi e designer, dimostrando che la pubblicit\u00e0 pu\u00f2 essere qualcosa di pi\u00f9 di un semplice strumento di marketing. Sebbene il suo approccio fosse spesso controverso, Toscani riteneva che l&#8217;arte avesse il dovere di provocare e far pensare.<\/p>\n\n\n\n<h3 class=\"wp-block-heading\"><strong>L&#8217;addio a un grande creativo<\/strong><\/h3>\n\n\n\n<p class=\"wp-block-paragraph\">Oliviero Toscani ha lasciato un patrimonio artistico indimenticabile che continuer\u00e0 ad ispirare le generazioni future. La sua scomparsa rappresenta una grande perdita, ma anche un momento di riflessione sul suo impatto nel mondo dell&#8217;arte e della pubblicit\u00e0. Le sue opere ci ricordano che il coraggio e la sincerit\u00e0 nell&#8217;arte sono valori che meritano di essere coltivati.<\/p>\n\n\n\n<p class=\"wp-block-paragraph\">\u00a7<\/p>\n\n\n\n<p class=\"wp-block-paragraph\"><\/p>\n","protected":false},"excerpt":{"rendered":"<p>Il 13 gennaio 2025 il mondo dell&#8217;arte ha perso una delle figure pi\u00f9 distintive e controverse. Oliviero Toscani, straordinario fotografo che ha ridefinito i confini della pubblicit\u00e0 e della fotografia, \u00e8 morto all&#8217;et\u00e0 di 82 anni. La sua vita e la sua opera hanno lasciato un&#8217;impronta indelebile sulla cultura contemporanea. Giovinezza e primi passi nel&hellip;<\/p>\n","protected":false},"author":2,"featured_media":4482,"comment_status":"closed","ping_status":"closed","sticky":false,"template":"","format":"standard","meta":{"_seopress_titles_title":"","_seopress_titles_desc":"\u00c8 morto all&#039;et\u00e0 di 82 anni Oliviero Toscani, straordinario fotografo che ha ridefinito i confini della pubblicit\u00e0 e della fotografia","_seopress_robots_index":"","_seopress_robots_follow":"","_seopress_robots_imageindex":"","_seopress_robots_snippet":"","_seopress_robots_primary_cat":"98","_seopress_robots_breadcrumbs":"","_seopress_robots_freeze_modified_date":"","_seopress_robots_custom_modified_date":"","_seopress_robots_canonical":"","_seopress_social_fb_title":"","_seopress_social_fb_desc":"","_seopress_social_fb_img":"","_seopress_social_fb_img_attachment_id":0,"_seopress_social_fb_img_width":0,"_seopress_social_fb_img_height":0,"_seopress_social_twitter_title":"","_seopress_social_twitter_desc":"","_seopress_social_twitter_img":"","_seopress_social_twitter_img_attachment_id":0,"_seopress_social_twitter_img_width":0,"_seopress_social_twitter_img_height":0,"_seopress_redirections_value":"","_seopress_redirections_enabled":"","_seopress_redirections_enabled_regex":"","_seopress_redirections_logged_status":"","_seopress_redirections_param":"","_seopress_redirections_type":0,"_seopress_analysis_target_kw":"oliviero-toscani-visionario-della-fotografia","footnotes":""},"categories":[86],"tags":[515,513,514,512],"thb-sponsors":[],"class_list":["post-4478","post","type-post","status-publish","format-standard","has-post-thumbnail","hentry","category-persone","tag-fotografia-italiana","tag-fotografo","tag-maestro","tag-oliviero-toscani"],"_links":{"self":[{"href":"https:\/\/www.habemusdesign.com\/it\/wp-json\/wp\/v2\/posts\/4478","targetHints":{"allow":["GET"]}}],"collection":[{"href":"https:\/\/www.habemusdesign.com\/it\/wp-json\/wp\/v2\/posts"}],"about":[{"href":"https:\/\/www.habemusdesign.com\/it\/wp-json\/wp\/v2\/types\/post"}],"author":[{"embeddable":true,"href":"https:\/\/www.habemusdesign.com\/it\/wp-json\/wp\/v2\/users\/2"}],"replies":[{"embeddable":true,"href":"https:\/\/www.habemusdesign.com\/it\/wp-json\/wp\/v2\/comments?post=4478"}],"version-history":[{"count":2,"href":"https:\/\/www.habemusdesign.com\/it\/wp-json\/wp\/v2\/posts\/4478\/revisions"}],"predecessor-version":[{"id":4499,"href":"https:\/\/www.habemusdesign.com\/it\/wp-json\/wp\/v2\/posts\/4478\/revisions\/4499"}],"wp:featuredmedia":[{"embeddable":true,"href":"https:\/\/www.habemusdesign.com\/it\/wp-json\/wp\/v2\/media\/4482"}],"wp:attachment":[{"href":"https:\/\/www.habemusdesign.com\/it\/wp-json\/wp\/v2\/media?parent=4478"}],"wp:term":[{"taxonomy":"category","embeddable":true,"href":"https:\/\/www.habemusdesign.com\/it\/wp-json\/wp\/v2\/categories?post=4478"},{"taxonomy":"post_tag","embeddable":true,"href":"https:\/\/www.habemusdesign.com\/it\/wp-json\/wp\/v2\/tags?post=4478"},{"taxonomy":"thb-sponsors","embeddable":true,"href":"https:\/\/www.habemusdesign.com\/it\/wp-json\/wp\/v2\/thb-sponsors?post=4478"}],"curies":[{"name":"wp","href":"https:\/\/api.w.org\/{rel}","templated":true}]}}