{"id":1767,"date":"2023-07-03T14:00:42","date_gmt":"2023-07-03T12:00:42","guid":{"rendered":"http:\/\/www.habemusdesign.com\/?p=1767"},"modified":"2023-07-03T14:02:30","modified_gmt":"2023-07-03T12:02:30","slug":"il-sole-negli-interni-arredare-con-il-giallo","status":"publish","type":"post","link":"https:\/\/www.habemusdesign.com\/it\/il-sole-negli-interni-arredare-con-il-giallo\/","title":{"rendered":"Il sole negli interni? Arredare con il giallo"},"content":{"rendered":"\n<p class=\"wp-block-paragraph\">Caldo e luminoso, il giallo \u00e8 un colore sempre pi\u00f9 utilizzato<br>nell\u2019interior design. Ecco qualche proposta d\u2019arredo.<\/p>\n\n\n\n<p class=\"wp-block-paragraph\">Comunica gioia, favorisce la creativit\u00e0, stimola pensieri positivi. Non sorprende che il giallo sia cos\u00ec amato e usato nell\u2019interior design. Associato alla luce e al sole, il giallo trasmette infatti energia e mette di buonumore anche nelle giornate pi\u00f9 grigie. Non solo. A dispetto di quello che si potrebbe pensare, \u00e8 anche un colore estremamente versatile. Disponibile in oltre 40 sfumature diverse \u2013 dal giallo limone all\u2019ocra, dai delicati toni pastello all\u2019oro &#8211; il giallo pu\u00f2 infatti combinarsi con differenti colori e materiali, inserendosi cos\u00ec in ambienti dallo stile diverso. Le aziende di arredamento lo sanno bene, per questo sempre pi\u00f9 propongono questo colore nelle loro collezioni. Dai divani alle sedie, dai lavabi per il bagno ai soffioni per la doccia, fino ai radiatori. <\/p>\n\n\n\n<figure class=\"wp-block-image size-full\"><img alt=\"\" loading=\"lazy\" decoding=\"async\" width=\"1024\" height=\"681\" src=\"http:\/\/www.habemusdesign.com\/wp-content\/uploads\/2023\/07\/BORZALINO_BEN_giallo.jpg\" alt=\"\" class=\"wp-image-1769\" srcset=\"https:\/\/www.habemusdesign.com\/wp-content\/uploads\/2023\/07\/BORZALINO_BEN_giallo.jpg 1024w, https:\/\/www.habemusdesign.com\/wp-content\/uploads\/2023\/07\/BORZALINO_BEN_giallo-300x200.jpg 300w, https:\/\/www.habemusdesign.com\/wp-content\/uploads\/2023\/07\/BORZALINO_BEN_giallo-768x511.jpg 768w, https:\/\/www.habemusdesign.com\/wp-content\/uploads\/2023\/07\/BORZALINO_BEN_giallo-370x246.jpg 370w, https:\/\/www.habemusdesign.com\/wp-content\/uploads\/2023\/07\/BORZALINO_BEN_giallo-800x532.jpg 800w, https:\/\/www.habemusdesign.com\/wp-content\/uploads\/2023\/07\/BORZALINO_BEN_giallo-20x13.jpg 20w, https:\/\/www.habemusdesign.com\/wp-content\/uploads\/2023\/07\/BORZALINO_BEN_giallo-740x492.jpg 740w, https:\/\/www.habemusdesign.com\/wp-content\/uploads\/2023\/07\/BORZALINO_BEN_giallo-72x48.jpg 72w\" sizes=\"auto, (max-width: 1024px) 100vw, 1024px\" \/><\/figure>\n\n\n\n<p class=\"wp-block-paragraph\"><strong>BEN, Borzalino<\/strong><br>\u00c8 la flessibilit\u00e0 la parola chiave del divano Ben di Borzalino. La collezione \u00e8, infatti, disponibile in un\u2019ampia variet\u00e0 di configurazioni e rivestimenti, inclusa la possibilit\u00e0 di composizioni bicolor. Una versatilit\u00e0 che rende Ben perfetto sia per ambienti domestici che per spazi contract e dell\u2019ospitalit\u00e0. Il rivestimento in pelle vegetale esalta le imperfezioni della grana, donando al divano ancora pi\u00f9 carattere.<\/p>\n\n\n\n<figure class=\"wp-block-image size-full\"><img alt=\"\" loading=\"lazy\" decoding=\"async\" width=\"1024\" height=\"984\" src=\"http:\/\/www.habemusdesign.com\/wp-content\/uploads\/2023\/07\/BORZALINO_EVE_PLUS-giallo.jpg\" alt=\"\" class=\"wp-image-1771\" srcset=\"https:\/\/www.habemusdesign.com\/wp-content\/uploads\/2023\/07\/BORZALINO_EVE_PLUS-giallo.jpg 1024w, https:\/\/www.habemusdesign.com\/wp-content\/uploads\/2023\/07\/BORZALINO_EVE_PLUS-giallo-300x288.jpg 300w, https:\/\/www.habemusdesign.com\/wp-content\/uploads\/2023\/07\/BORZALINO_EVE_PLUS-giallo-768x738.jpg 768w, https:\/\/www.habemusdesign.com\/wp-content\/uploads\/2023\/07\/BORZALINO_EVE_PLUS-giallo-370x356.jpg 370w, https:\/\/www.habemusdesign.com\/wp-content\/uploads\/2023\/07\/BORZALINO_EVE_PLUS-giallo-800x769.jpg 800w, https:\/\/www.habemusdesign.com\/wp-content\/uploads\/2023\/07\/BORZALINO_EVE_PLUS-giallo-20x19.jpg 20w, https:\/\/www.habemusdesign.com\/wp-content\/uploads\/2023\/07\/BORZALINO_EVE_PLUS-giallo-740x711.jpg 740w, https:\/\/www.habemusdesign.com\/wp-content\/uploads\/2023\/07\/BORZALINO_EVE_PLUS-giallo-50x48.jpg 50w\" sizes=\"auto, (max-width: 1024px) 100vw, 1024px\" \/><\/figure>\n\n\n\n<p class=\"wp-block-paragraph\"><strong>EVE, Borzalino<\/strong><br>Elegante, confortevole, versatile. Sono questi gli aggettivi che descrivono la poltrona EVE di Borzalino. La sua forma accogliente accompagna e supporta tutto il corpo. La ricca gamma di rivestimenti in pelle e tessuto a catalogo permette di creare svariate composizioni, anche con la possibilit\u00e0 di abbinare i due materiali. La base della poltrona pu\u00f2 essere in ferro o legno in diverse finiture. La poltrona Eve \u00e8 proposta nella contemporanea versione Eve Plus e nel modello classico Eve Capitonn\u00e9, realizzato con la lavorazione capitonn\u00e9.<\/p>\n\n\n\n<figure class=\"wp-block-image size-full\"><img alt=\"enuit 21 Paths\" loading=\"lazy\" decoding=\"async\" width=\"1024\" height=\"768\" src=\"http:\/\/www.habemusdesign.com\/wp-content\/uploads\/2023\/07\/Enuit-21-PATHS-_-giallo.jpg\" alt=\"\" class=\"wp-image-1773\" srcset=\"https:\/\/www.habemusdesign.com\/wp-content\/uploads\/2023\/07\/Enuit-21-PATHS-_-giallo.jpg 1024w, https:\/\/www.habemusdesign.com\/wp-content\/uploads\/2023\/07\/Enuit-21-PATHS-_-giallo-300x225.jpg 300w, https:\/\/www.habemusdesign.com\/wp-content\/uploads\/2023\/07\/Enuit-21-PATHS-_-giallo-768x576.jpg 768w, https:\/\/www.habemusdesign.com\/wp-content\/uploads\/2023\/07\/Enuit-21-PATHS-_-giallo-370x278.jpg 370w, https:\/\/www.habemusdesign.com\/wp-content\/uploads\/2023\/07\/Enuit-21-PATHS-_-giallo-800x600.jpg 800w, https:\/\/www.habemusdesign.com\/wp-content\/uploads\/2023\/07\/Enuit-21-PATHS-_-giallo-20x15.jpg 20w, https:\/\/www.habemusdesign.com\/wp-content\/uploads\/2023\/07\/Enuit-21-PATHS-_-giallo-740x555.jpg 740w, https:\/\/www.habemusdesign.com\/wp-content\/uploads\/2023\/07\/Enuit-21-PATHS-_-giallo-64x48.jpg 64w\" sizes=\"auto, (max-width: 1024px) 100vw, 1024px\" \/><\/figure>\n\n\n\n<p class=\"wp-block-paragraph\"><strong>PATHS, Enuit21<\/strong><br>Sono i dettagli a definire PATHS, il letto disegnato da Ilaria Marelli per Enuit21. Caratterizzato da linee pulite ed essenziali, PATHS cattura infatti lo sguardo con il decoro della sua testata imbottita. Un raffinato motivo geometrico che sembra quasi disegnare dei percorsi. Il giroletto \u00e8 imbottito e rivestito nello stesso tessuto della testata. Un letto dall\u2019eleganza senza tempo adatto sia per contesti classici che per interni contemporanei.<\/p>\n\n\n\n<figure class=\"wp-block-image size-full\"><img alt=\"\" loading=\"lazy\" decoding=\"async\" width=\"1024\" height=\"683\" src=\"http:\/\/www.habemusdesign.com\/wp-content\/uploads\/2023\/07\/antoniolupi-BREEZE-01-Grancru.jpg\" alt=\"\" class=\"wp-image-1775\" srcset=\"https:\/\/www.habemusdesign.com\/wp-content\/uploads\/2023\/07\/antoniolupi-BREEZE-01-Grancru.jpg 1024w, https:\/\/www.habemusdesign.com\/wp-content\/uploads\/2023\/07\/antoniolupi-BREEZE-01-Grancru-300x200.jpg 300w, https:\/\/www.habemusdesign.com\/wp-content\/uploads\/2023\/07\/antoniolupi-BREEZE-01-Grancru-768x512.jpg 768w, https:\/\/www.habemusdesign.com\/wp-content\/uploads\/2023\/07\/antoniolupi-BREEZE-01-Grancru-370x247.jpg 370w, https:\/\/www.habemusdesign.com\/wp-content\/uploads\/2023\/07\/antoniolupi-BREEZE-01-Grancru-800x534.jpg 800w, https:\/\/www.habemusdesign.com\/wp-content\/uploads\/2023\/07\/antoniolupi-BREEZE-01-Grancru-20x13.jpg 20w, https:\/\/www.habemusdesign.com\/wp-content\/uploads\/2023\/07\/antoniolupi-BREEZE-01-Grancru-740x494.jpg 740w, https:\/\/www.habemusdesign.com\/wp-content\/uploads\/2023\/07\/antoniolupi-BREEZE-01-Grancru-72x48.jpg 72w\" sizes=\"auto, (max-width: 1024px) 100vw, 1024px\" \/><\/figure>\n\n\n\n<p class=\"wp-block-paragraph\"><strong>BREEZE, antoniolupi<\/strong><br>Leggero come un soffio di vento. Breeze di antoniolupi \u00e8 un lavabo freestanding dall\u2019aspetto quasi evanescente. Realizzato in Cristalmood, il lavabo si caratterizza per il suo bordo sottilissimo. Un profilo cos\u00ec delicato da rendere appena percepibile il volume, lasciando all\u2019acqua il ruolo di protagonista assoluta.<br>Breeze \u00e8 disponibile in tutti i colori del catalogo antoniolupi e pu\u00f2 essere completato da un\u2019illuminazione integrata che alleggerisce ulteriormente la base, dando la sensazione che il lavabo galleggi nell\u2019aria.<\/p>\n\n\n\n<figure class=\"wp-block-image size-full\"><img alt=\"\" loading=\"lazy\" decoding=\"async\" width=\"1024\" height=\"1024\" src=\"http:\/\/www.habemusdesign.com\/wp-content\/uploads\/2023\/07\/Olmar_GENESIS-AMB-giallo.jpg\" alt=\"\" class=\"wp-image-1779\" srcset=\"https:\/\/www.habemusdesign.com\/wp-content\/uploads\/2023\/07\/Olmar_GENESIS-AMB-giallo.jpg 1024w, https:\/\/www.habemusdesign.com\/wp-content\/uploads\/2023\/07\/Olmar_GENESIS-AMB-giallo-300x300.jpg 300w, https:\/\/www.habemusdesign.com\/wp-content\/uploads\/2023\/07\/Olmar_GENESIS-AMB-giallo-150x150.jpg 150w, https:\/\/www.habemusdesign.com\/wp-content\/uploads\/2023\/07\/Olmar_GENESIS-AMB-giallo-768x768.jpg 768w, https:\/\/www.habemusdesign.com\/wp-content\/uploads\/2023\/07\/Olmar_GENESIS-AMB-giallo-180x180.jpg 180w, https:\/\/www.habemusdesign.com\/wp-content\/uploads\/2023\/07\/Olmar_GENESIS-AMB-giallo-90x90.jpg 90w, https:\/\/www.habemusdesign.com\/wp-content\/uploads\/2023\/07\/Olmar_GENESIS-AMB-giallo-370x370.jpg 370w, https:\/\/www.habemusdesign.com\/wp-content\/uploads\/2023\/07\/Olmar_GENESIS-AMB-giallo-800x800.jpg 800w, https:\/\/www.habemusdesign.com\/wp-content\/uploads\/2023\/07\/Olmar_GENESIS-AMB-giallo-20x20.jpg 20w, https:\/\/www.habemusdesign.com\/wp-content\/uploads\/2023\/07\/Olmar_GENESIS-AMB-giallo-740x740.jpg 740w, https:\/\/www.habemusdesign.com\/wp-content\/uploads\/2023\/07\/Olmar_GENESIS-AMB-giallo-48x48.jpg 48w\" sizes=\"auto, (max-width: 1024px) 100vw, 1024px\" \/><\/figure>\n\n\n\n<p class=\"wp-block-paragraph\"><strong>GENESIS, Olmar<\/strong><br><strong>Genesis <\/strong>di <strong>Olmar <\/strong>\u00e8 un apparecchio elettrico a parete che riunisce in s\u00e9 tre funzioni: purificare, sanificare e riscaldare l\u2019aria. L\u2019apparecchio impiega la tecnologia dei raggi infrarossi lontani (FIR \u2013 Far Infrared Rays), che penetrano nei corpi<br>producendo un aumento della temperatura cutanea e sottocutanea. Un processo che crea benessere termico senza la necessit\u00e0 di interventi d\u2019installazione e manutenzione. Genesis \u00e8, inoltre, dotato della funzione di ionizzazione (Dual Ag+ Technology), una tecnologia che coniuga gli effetti salutari delle onde biogeniche con le propriet\u00e0 antibatteriche e antimicrobiche dell\u2019argento ionico, e della funzione di ozonizzazione (Oxy Active), con la quale sanifica gli ambienti eliminando batteri e<br>agenti patogeni. La struttura di Genesis \u00e8 realizzata in alluminio verniciato con pannelli in vetro temperato.<\/p>\n\n\n\n<figure class=\"wp-block-image size-large is-resized\"><img alt=\"\" loading=\"lazy\" decoding=\"async\" src=\"http:\/\/www.habemusdesign.com\/wp-content\/uploads\/2023\/07\/Casalgrande-Padana-_-Unicolorel-752x1024.jpg\" alt=\"\" class=\"wp-image-1781\" width=\"670\" height=\"912\" srcset=\"https:\/\/www.habemusdesign.com\/wp-content\/uploads\/2023\/07\/Casalgrande-Padana-_-Unicolorel-752x1024.jpg 752w, https:\/\/www.habemusdesign.com\/wp-content\/uploads\/2023\/07\/Casalgrande-Padana-_-Unicolorel-220x300.jpg 220w, https:\/\/www.habemusdesign.com\/wp-content\/uploads\/2023\/07\/Casalgrande-Padana-_-Unicolorel-370x504.jpg 370w, https:\/\/www.habemusdesign.com\/wp-content\/uploads\/2023\/07\/Casalgrande-Padana-_-Unicolorel-20x27.jpg 20w, https:\/\/www.habemusdesign.com\/wp-content\/uploads\/2023\/07\/Casalgrande-Padana-_-Unicolorel-35x48.jpg 35w\" sizes=\"auto, (max-width: 670px) 100vw, 670px\" \/><\/figure>\n\n\n\n<p class=\"wp-block-paragraph\"><strong>UNICOLORE, Casalgrande Padana<\/strong><br>Nata da avanzate tecniche e ricerche cromatiche e composta da lastre in gres porcellanato pienamente vetrificato e colorato nella massa, la collezione in gres Unicolore della linea Granitogres rappresenta la scelta ideale per il rivestimento di pavimenti e pareti di ambienti pubblici e commerciali. Disponibile in una palette espressiva di colori per tradurre una serie di piastrelle rinomata per la sua funzionalit\u00e0, estetica e robustezza.<\/p>\n\n\n\n<p class=\"wp-block-paragraph\"><em>Fonte: materiali stampa<\/em><\/p>\n","protected":false},"excerpt":{"rendered":"<p>Caldo e luminoso, il giallo \u00e8 un colore sempre pi\u00f9 utilizzatonell\u2019interior design. Ecco qualche proposta d\u2019arredo. Comunica gioia, favorisce la creativit\u00e0, stimola pensieri positivi. Non sorprende che il giallo sia cos\u00ec amato e usato nell\u2019interior design. Associato alla luce e al sole, il giallo trasmette infatti energia e mette di buonumore anche nelle giornate pi\u00f9&hellip;<\/p>\n","protected":false},"author":2,"featured_media":1773,"comment_status":"closed","ping_status":"closed","sticky":false,"template":"","format":"standard","meta":{"_seopress_titles_title":"","_seopress_titles_desc":"","_seopress_robots_index":"","_seopress_robots_follow":"","_seopress_robots_imageindex":"","_seopress_robots_snippet":"","_seopress_robots_primary_cat":"0","_seopress_robots_breadcrumbs":"","_seopress_robots_freeze_modified_date":"","_seopress_robots_custom_modified_date":"","_seopress_robots_canonical":"","_seopress_social_fb_title":"","_seopress_social_fb_desc":"","_seopress_social_fb_img":"","_seopress_social_fb_img_attachment_id":0,"_seopress_social_fb_img_width":0,"_seopress_social_fb_img_height":0,"_seopress_social_twitter_title":"","_seopress_social_twitter_desc":"","_seopress_social_twitter_img":"","_seopress_social_twitter_img_attachment_id":0,"_seopress_social_twitter_img_width":0,"_seopress_social_twitter_img_height":0,"_seopress_redirections_value":"","_seopress_redirections_enabled":"","_seopress_redirections_enabled_regex":"","_seopress_redirections_logged_status":"","_seopress_redirections_param":"","_seopress_redirections_type":0,"_seopress_analysis_target_kw":"","footnotes":""},"categories":[84],"tags":[220,219,224,225,218,223,222],"thb-sponsors":[],"class_list":["post-1767","post","type-post","status-publish","format-standard","has-post-thumbnail","hentry","category-brands","tag-anotniolupi-2","tag-arredare-con-il-giallo","tag-borzalino","tag-casalgrandepadana","tag-design-made-in-italy","tag-enuit21","tag-olmar"],"_links":{"self":[{"href":"https:\/\/www.habemusdesign.com\/it\/wp-json\/wp\/v2\/posts\/1767","targetHints":{"allow":["GET"]}}],"collection":[{"href":"https:\/\/www.habemusdesign.com\/it\/wp-json\/wp\/v2\/posts"}],"about":[{"href":"https:\/\/www.habemusdesign.com\/it\/wp-json\/wp\/v2\/types\/post"}],"author":[{"embeddable":true,"href":"https:\/\/www.habemusdesign.com\/it\/wp-json\/wp\/v2\/users\/2"}],"replies":[{"embeddable":true,"href":"https:\/\/www.habemusdesign.com\/it\/wp-json\/wp\/v2\/comments?post=1767"}],"version-history":[{"count":3,"href":"https:\/\/www.habemusdesign.com\/it\/wp-json\/wp\/v2\/posts\/1767\/revisions"}],"predecessor-version":[{"id":1784,"href":"https:\/\/www.habemusdesign.com\/it\/wp-json\/wp\/v2\/posts\/1767\/revisions\/1784"}],"wp:featuredmedia":[{"embeddable":true,"href":"https:\/\/www.habemusdesign.com\/it\/wp-json\/wp\/v2\/media\/1773"}],"wp:attachment":[{"href":"https:\/\/www.habemusdesign.com\/it\/wp-json\/wp\/v2\/media?parent=1767"}],"wp:term":[{"taxonomy":"category","embeddable":true,"href":"https:\/\/www.habemusdesign.com\/it\/wp-json\/wp\/v2\/categories?post=1767"},{"taxonomy":"post_tag","embeddable":true,"href":"https:\/\/www.habemusdesign.com\/it\/wp-json\/wp\/v2\/tags?post=1767"},{"taxonomy":"thb-sponsors","embeddable":true,"href":"https:\/\/www.habemusdesign.com\/it\/wp-json\/wp\/v2\/thb-sponsors?post=1767"}],"curies":[{"name":"wp","href":"https:\/\/api.w.org\/{rel}","templated":true}]}}